{"id":2021,"date":"2023-07-03T09:55:45","date_gmt":"2023-07-03T09:55:45","guid":{"rendered":"https:\/\/nottericerca.uniroma3.it\/?p=2021"},"modified":"2024-09-18T15:25:07","modified_gmt":"2024-09-18T15:25:07","slug":"buchi-neri-vedere-linvisibile","status":"publish","type":"post","link":"https:\/\/nottericerca.uniroma3.it\/?p=2021","title":{"rendered":"Dal Big Bang ai buchi neri: inizio e fine dello spazio e del tempo"},"content":{"rendered":"\n<p><em>Dario Francia \u2013 Dipartimento di Matematica e Fisica<\/em><\/p>\n\n\n\n<div class=\"wp-block-media-text is-stacked-on-mobile\" style=\"grid-template-columns:40% auto\"><figure class=\"wp-block-media-text__media\"><img loading=\"lazy\" decoding=\"async\" width=\"1024\" height=\"528\" src=\"https:\/\/nottericerca.uniroma3.it\/wp-content\/uploads\/2023\/07\/francia-1024x528.png\" alt=\"\" class=\"wp-image-4926 size-full\" srcset=\"https:\/\/nottericerca.uniroma3.it\/wp-content\/uploads\/2023\/07\/francia-1024x528.png 1024w, https:\/\/nottericerca.uniroma3.it\/wp-content\/uploads\/2023\/07\/francia-300x155.png 300w, https:\/\/nottericerca.uniroma3.it\/wp-content\/uploads\/2023\/07\/francia-768x396.png 768w, https:\/\/nottericerca.uniroma3.it\/wp-content\/uploads\/2023\/07\/francia-1536x792.png 1536w, https:\/\/nottericerca.uniroma3.it\/wp-content\/uploads\/2023\/07\/francia.png 1920w\" sizes=\"auto, (max-width: 1024px) 100vw, 1024px\" \/><\/figure><div class=\"wp-block-media-text__content\">\n<p><strong>venerd\u00ec 27 settembre 2024 \u2013 ore 19:00-24:00<\/strong><br><em>Stand non stop \u2013 Via della Vasca Navale 109<\/em><\/p>\n\n\n\n<p>PRENOTAZIONE SUL POSTO<\/p>\n\n\n\n<p>Cosa accade oltre l&#8217;orizzonte degli eventi?<br>Con la guida di uno scienziato potrai osservare le immagini dei buchi neri, muovere i primi passi nella relativit\u00e0 generale e nella fisica quantistica e scoprire perch\u00e8 ed in che senso la gravit\u00e0 quantistica sembra suggerire che il mondo sia un gigantesco ologramma.<\/p>\n<\/div><\/div>\n\n\n\n<h3 class=\"wp-block-heading\">Edizione 2024<\/h3>\n\n\n\n<p><\/p>\n\n\n\n<p><\/p>\n\n\n\n<div class=\"wp-block-buttons is-content-justification-center is-layout-flex wp-container-core-buttons-is-layout-16018d1d wp-block-buttons-is-layout-flex\">\n<div class=\"wp-block-button\"><a class=\"wp-block-button__link has-background wp-element-button\" href=\"https:\/\/nottericerca.uniroma3.it\/?cat=122\" style=\"background-color:#ff0092\" target=\"_blank\" rel=\"noreferrer noopener\">Notte Europea &#8211; 27 settembre 2024<\/a><\/div>\n\n\n\n<div class=\"wp-block-button\"><a class=\"wp-block-button__link has-background wp-element-button\" href=\"https:\/\/nottericerca.uniroma3.it\/?cat=129\" style=\"background-color:#ff0092\" target=\"_blank\" rel=\"noreferrer noopener\">Settimana della Scienza &#8211; 21-28 settembre 2024<\/a><\/div>\n<\/div>\n\n\n\n<p><\/p>\n\n\n\n<hr class=\"wp-block-separator has-alpha-channel-opacity\"\/>\n\n\n\n<h3 class=\"wp-block-heading\" id=\"2023\">Edizione 2023<\/h3>\n\n\n\n<div class=\"wp-block-media-text alignwide is-stacked-on-mobile\" style=\"grid-template-columns:40% auto\"><figure class=\"wp-block-media-text__media\"><img loading=\"lazy\" decoding=\"async\" width=\"400\" height=\"303\" src=\"https:\/\/nottericerca.uniroma3.it\/wp-content\/uploads\/2023\/07\/GravitaQuantistica.jpg\" alt=\"\" class=\"wp-image-3176 size-full\" srcset=\"https:\/\/nottericerca.uniroma3.it\/wp-content\/uploads\/2023\/07\/GravitaQuantistica.jpg 400w, https:\/\/nottericerca.uniroma3.it\/wp-content\/uploads\/2023\/07\/GravitaQuantistica-300x227.jpg 300w\" sizes=\"auto, (max-width: 400px) 100vw, 400px\" \/><\/figure><div class=\"wp-block-media-text__content\">\n<h2 class=\"wp-block-heading\">Dai Buchi neri alla Gravit\u00e0 quantistica<\/h2>\n\n\n\n<p><strong>venerd\u00ec 29 settembre 2023 ore 19:00-24:00<\/strong><\/p>\n\n\n\n<p>Mostra &#8211; PRENOTAZIONI SUL POSTO<\/p>\n\n\n\n<p><em>Via della Vasca Navale 109<\/em><\/p>\n\n\n\n<p>Che cos&#8217;\u00e8 la gravit\u00e0 quantistica? Con la guida di uno scienziato potrai osservare le prime immagini dell&#8217;orizzonte degli eventi di un buco nero, analizzare il segnale inviato da un&#8217;onda gravitazionale, muovere i primi passi nella relativit\u00e0 generale e nella fisica quantistica e scoprire perch\u00e9 \u00e8 necessaria una teoria di gravit\u00e0 quantistica<\/p>\n\n\n\n<p><em>Dario Francia e Ilaria De Angelis &#8211; Dipartimento di Matematica e Fisica<\/em><\/p>\n<\/div><\/div>\n\n\n\n<hr class=\"wp-block-separator has-alpha-channel-opacity\"\/>\n\n\n\n<h3 class=\"wp-block-heading\" id=\"2020\">Edizione 2020<\/h3>\n\n\n\n<h2 class=\"wp-block-heading\">&nbsp;Buchi neri: vedere l\u2019invisibile&nbsp;<\/h2>\n\n\n\n<p>luned\u00ec 23 novembre 2020<\/p>\n\n\n\n<p><em>Giorgio Matt &#8211; Dipartimento di Matematica e Fisica<\/em><\/p>\n\n\n\n<figure class=\"wp-block-embed is-type-video is-provider-youtube wp-block-embed-youtube wp-embed-aspect-16-9 wp-has-aspect-ratio\"><div class=\"wp-block-embed__wrapper\">\n<iframe loading=\"lazy\" title=\"Parola ai Ricercatori\" width=\"843\" height=\"474\" src=\"https:\/\/www.youtube.com\/embed\/OxkHkxbWTpA?start=1794&#038;feature=oembed\" frameborder=\"0\" allow=\"accelerometer; autoplay; clipboard-write; encrypted-media; gyroscope; picture-in-picture; web-share\" referrerpolicy=\"strict-origin-when-cross-origin\" allowfullscreen><\/iframe>\n<\/div><\/figure>\n\n\n\n<hr class=\"wp-block-separator has-alpha-channel-opacity\"\/>\n\n\n\n<h3 class=\"wp-block-heading\" id=\"2019\">Edizione 2019<\/h3>\n\n\n\n<div class=\"wp-block-media-text alignwide is-stacked-on-mobile\" style=\"grid-template-columns:40% auto\"><figure class=\"wp-block-media-text__media\"><img loading=\"lazy\" decoding=\"async\" width=\"230\" height=\"230\" src=\"https:\/\/nottericerca.uniroma3.it\/wp-content\/uploads\/2023\/07\/5-Matt.jpg\" alt=\"\" class=\"wp-image-2025 size-full\" srcset=\"https:\/\/nottericerca.uniroma3.it\/wp-content\/uploads\/2023\/07\/5-Matt.jpg 230w, https:\/\/nottericerca.uniroma3.it\/wp-content\/uploads\/2023\/07\/5-Matt-150x150.jpg 150w\" sizes=\"auto, (max-width: 230px) 100vw, 230px\" \/><\/figure><div class=\"wp-block-media-text__content\">\n<h2 class=\"wp-block-heading\">Vedere l&#8217;invisibile: I buchi neri<\/h2>\n\n\n\n<p>Approfondimenti<\/p>\n\n\n\n<p>venerd\u00ec 27 settembre 2019 &#8211; ore 21:30<\/p>\n\n\n\n<p>Verranno descritte le principali propriet\u00e0 dei buchi neri, e le evidenze osservative della loro esistenza.<\/p>\n\n\n\n<p><em>Giorgio Matt &#8211; Dipartimento di Matematica e Fisica<\/em><\/p>\n<\/div><\/div>\n","protected":false},"excerpt":{"rendered":"<p>Dario Francia \u2013 Dipartimento di Matematica e Fisica venerd\u00ec 27 settembre 2024 \u2013 ore 19:00-24:00Stand non stop \u2013 Via della Vasca Navale 109 PRENOTAZIONE SUL&hellip;<\/p>\n","protected":false},"author":1,"featured_media":4926,"comment_status":"closed","ping_status":"closed","sticky":false,"template":"","format":"standard","meta":{"footnotes":""},"categories":[85,114,99,101,122],"tags":[],"class_list":["post-2021","post","type-post","status-publish","format-standard","has-post-thumbnail","hentry","category-prenotazioni-sul-posto","category-attivita-per-tutti","category-fisica","category-mostre","category-notte-del-27-settembre-2024"],"_links":{"self":[{"href":"https:\/\/nottericerca.uniroma3.it\/index.php?rest_route=\/wp\/v2\/posts\/2021","targetHints":{"allow":["GET"]}}],"collection":[{"href":"https:\/\/nottericerca.uniroma3.it\/index.php?rest_route=\/wp\/v2\/posts"}],"about":[{"href":"https:\/\/nottericerca.uniroma3.it\/index.php?rest_route=\/wp\/v2\/types\/post"}],"author":[{"embeddable":true,"href":"https:\/\/nottericerca.uniroma3.it\/index.php?rest_route=\/wp\/v2\/users\/1"}],"replies":[{"embeddable":true,"href":"https:\/\/nottericerca.uniroma3.it\/index.php?rest_route=%2Fwp%2Fv2%2Fcomments&post=2021"}],"version-history":[{"count":14,"href":"https:\/\/nottericerca.uniroma3.it\/index.php?rest_route=\/wp\/v2\/posts\/2021\/revisions"}],"predecessor-version":[{"id":5275,"href":"https:\/\/nottericerca.uniroma3.it\/index.php?rest_route=\/wp\/v2\/posts\/2021\/revisions\/5275"}],"wp:featuredmedia":[{"embeddable":true,"href":"https:\/\/nottericerca.uniroma3.it\/index.php?rest_route=\/wp\/v2\/media\/4926"}],"wp:attachment":[{"href":"https:\/\/nottericerca.uniroma3.it\/index.php?rest_route=%2Fwp%2Fv2%2Fmedia&parent=2021"}],"wp:term":[{"taxonomy":"category","embeddable":true,"href":"https:\/\/nottericerca.uniroma3.it\/index.php?rest_route=%2Fwp%2Fv2%2Fcategories&post=2021"},{"taxonomy":"post_tag","embeddable":true,"href":"https:\/\/nottericerca.uniroma3.it\/index.php?rest_route=%2Fwp%2Fv2%2Ftags&post=2021"}],"curies":[{"name":"wp","href":"https:\/\/api.w.org\/{rel}","templated":true}]}}