{"id":2212,"date":"2023-07-04T09:26:31","date_gmt":"2023-07-04T09:26:31","guid":{"rendered":"https:\/\/nottericerca.uniroma3.it\/?p=2212"},"modified":"2024-09-12T09:11:23","modified_gmt":"2024-09-12T09:11:23","slug":"il-dna-nelle-tue-mani","status":"publish","type":"post","link":"https:\/\/nottericerca.uniroma3.it\/?p=2212","title":{"rendered":"Il DNA"},"content":{"rendered":"\n<h3 class=\"wp-block-heading\">Edizione 2024<\/h3>\n\n\n\n<div class=\"wp-block-media-text is-stacked-on-mobile\" style=\"grid-template-columns:40% auto\"><figure class=\"wp-block-media-text__media\"><img loading=\"lazy\" decoding=\"async\" width=\"788\" height=\"788\" src=\"https:\/\/nottericerca.uniroma3.it\/wp-content\/uploads\/2023\/07\/Manuela_Cervelli_QUADRATA.png\" alt=\"\" class=\"wp-image-4562 size-full\" srcset=\"https:\/\/nottericerca.uniroma3.it\/wp-content\/uploads\/2023\/07\/Manuela_Cervelli_QUADRATA.png 788w, https:\/\/nottericerca.uniroma3.it\/wp-content\/uploads\/2023\/07\/Manuela_Cervelli_QUADRATA-300x300.png 300w, https:\/\/nottericerca.uniroma3.it\/wp-content\/uploads\/2023\/07\/Manuela_Cervelli_QUADRATA-150x150.png 150w, https:\/\/nottericerca.uniroma3.it\/wp-content\/uploads\/2023\/07\/Manuela_Cervelli_QUADRATA-768x768.png 768w\" sizes=\"auto, (max-width: 788px) 100vw, 788px\" \/><\/figure><div class=\"wp-block-media-text__content\">\n<h2 class=\"wp-block-heading\">DNA \u2013 dai legami idrogeno agli origami&nbsp;<\/h2>\n\n\n\n<p><strong>venerd\u00ec 27 settembre 2024 &#8211; ore 19:00-24:00<\/strong><br><em>Attivit\u00e0 in aula &#8211; Via della Vasca Navale 109<\/em><\/p>\n\n\n\n<p>PRENOTAZIONI SUL POSTO &#8211; Aula N23<\/p>\n\n\n\n<p>Il DNA \u00e8 una molecola fondamentale per ogni forma di vita, e la sua struttura tridimensionale \u00e8 inconfondibile: una doppia elica destrorsa. La doppia elica si forma grazie ai legami idrogeno tra le basi azotate, seguendo la regola della complementariet\u00e0. Una volta composta la doppia elica, il DNA pu\u00f2 essere ripiegato sia su s\u00e9 stesso sia insieme ad altre molecole per creare strutture tridimensionali pi\u00f9 compatte, fino ai cromosomi metafasici. Ad oggi i ricercatori possono \u201cincastrare\u201d tra di loro le molecole di DNA come se fossero blocchi da costruzione, e piegare le sue lunghe catene come i grandi maestri di origami piegano la carta. I DNA-origami sono delle nanostrutture largamente applicate nel campo scientifico e biotecnologico, come per esempio per la formazione di trappole per virus, ma anche per il rilascio mirato di farmaci. <br><\/p>\n<\/div><\/div>\n\n\n\n<p><\/p>\n\n\n\n<p><em>Manuela Cervelli, Marianna Nicoletta Rossi, Cristian Fiorucci, Lavinia Attili, Rachele Di Santo, Beatrice Fanti &#8211; Dipartimento Di Scienze<\/em><\/p>\n\n\n\n<p><\/p>\n\n\n\n<div class=\"wp-block-buttons is-content-justification-center is-layout-flex wp-container-core-buttons-is-layout-16018d1d wp-block-buttons-is-layout-flex\">\n<div class=\"wp-block-button\"><a class=\"wp-block-button__link has-background wp-element-button\" href=\"https:\/\/nottericerca.uniroma3.it\/?cat=122\" style=\"background-color:#ff0092\" target=\"_blank\" rel=\"noreferrer noopener\">Notte Europea &#8211; 27 settembre 2024<\/a><\/div>\n\n\n\n<div class=\"wp-block-button\"><a class=\"wp-block-button__link has-background wp-element-button\" href=\"https:\/\/nottericerca.uniroma3.it\/?cat=129\" style=\"background-color:#ff0092\" target=\"_blank\" rel=\"noreferrer noopener\">Settimana della Scienza &#8211; 21-28 settembre 2024<\/a><\/div>\n<\/div>\n\n\n\n<hr class=\"wp-block-separator has-alpha-channel-opacity\"\/>\n\n\n\n<h3 class=\"wp-block-heading\">Edizione 2019 e 2018<\/h3>\n\n\n\n<div class=\"wp-block-media-text alignwide is-stacked-on-mobile\" style=\"grid-template-columns:40% auto\"><figure class=\"wp-block-media-text__media\"><img loading=\"lazy\" decoding=\"async\" width=\"770\" height=\"768\" src=\"https:\/\/nottericerca.uniroma3.it\/wp-content\/uploads\/2023\/07\/ManuelaCervelli.jpg\" alt=\"\" class=\"wp-image-2216 size-full\" srcset=\"https:\/\/nottericerca.uniroma3.it\/wp-content\/uploads\/2023\/07\/ManuelaCervelli.jpg 770w, https:\/\/nottericerca.uniroma3.it\/wp-content\/uploads\/2023\/07\/ManuelaCervelli-300x300.jpg 300w, https:\/\/nottericerca.uniroma3.it\/wp-content\/uploads\/2023\/07\/ManuelaCervelli-150x150.jpg 150w, https:\/\/nottericerca.uniroma3.it\/wp-content\/uploads\/2023\/07\/ManuelaCervelli-768x766.jpg 768w\" sizes=\"auto, (max-width: 770px) 100vw, 770px\" \/><\/figure><div class=\"wp-block-media-text__content\">\n<h2 class=\"wp-block-heading\">Il DNA nelle tue mani<\/h2>\n\n\n\n<p><strong>27 settembre 2019 e 28 settembre 2018<\/strong><\/p>\n\n\n\n<p>L\u2019obiettivo di questa esperienza \u00e8 quello di osservare la molecola degli acidi nucleici (DNA) dopo averla separata dall\u2019involucro nucleare e cellulare in cui \u00e8 contenuta all\u2019 interno della cellula. Il campione biologico di partenza, da cui si estrarr\u00e0 il DNA, potrebbe essere di vario tipo, noi sceglieremo la mucosa boccale dei partecipanti all\u2019esperienza, in modo che possa essere estratto proprio il loro DNA in maniera non dolorosa ed invasiva. Il DNA \u00e8 una lunga molecola che contiene il progetto di un determinato essere vivente, sia esso un vegetale, un animale o anche un microrganismo. Negli organismi superiori, il DNA \u00e8 contenuto nel nucleo delle cellule, nei mitocondri e nei cloroplasti. L&#8217;attivit\u00e0 proposta consiste in:<br>\u00b7 Prelievo con un bastoncino delle cellule epiteliali della mucosa boccale<br>\u00b7 Lisi delle cellule con detergente (una soluzione diluita di SDS 1%)<br>\u00b7 Precipitazione del DNA estratto con l\u2019aggiunta di una soluzione salina (NaAcetato 0,3 M pH5) ed etanolo (2,5 V) e osservazione macroscopica delle molecole di DNA flocculanti.<br>Al termine dell\u2019esperienza ogni partecipante potr\u00e0 portare a casa il proprio DNA contenuto all\u2019interno di una provetta!<\/p>\n<\/div><\/div>\n\n\n\n<p><\/p>\n\n\n\n<p>Referente: <em>Manuela Cervelli &#8211; Dipartimento di Scienze<\/em><\/p>\n\n\n\n<p><em>Per l&#8217;edizione del 2019 hanno collaborato: Emiliano Fratini e Jonathan Fernando Reinoso S\u00e0nchez &#8211; Dipartimento di Scienze<\/em><\/p>\n\n\n\n<p><em>Per l&#8217;edizione del 2018 hanno collaborato: Giulia Baroli e Jonathan Fernando Reinoso S\u00e0nchez &#8211; Dipartimento di Scienze<\/em><\/p>\n","protected":false},"excerpt":{"rendered":"<p>Edizione 2024 DNA \u2013 dai legami idrogeno agli origami&nbsp; venerd\u00ec 27 settembre 2024 &#8211; ore 19:00-24:00Attivit\u00e0 in aula &#8211; Via della Vasca Navale 109 PRENOTAZIONI&hellip;<\/p>\n","protected":false},"author":1,"featured_media":4562,"comment_status":"closed","ping_status":"closed","sticky":false,"template":"","format":"standard","meta":{"footnotes":""},"categories":[85,110,114,106,122,86],"tags":[],"class_list":["post-2212","post","type-post","status-publish","format-standard","has-post-thumbnail","hentry","category-prenotazioni-sul-posto","category-attivita-in-aula","category-attivita-per-tutti","category-biologia","category-notte-del-27-settembre-2024","category-stand-non-stop"],"_links":{"self":[{"href":"https:\/\/nottericerca.uniroma3.it\/index.php?rest_route=\/wp\/v2\/posts\/2212","targetHints":{"allow":["GET"]}}],"collection":[{"href":"https:\/\/nottericerca.uniroma3.it\/index.php?rest_route=\/wp\/v2\/posts"}],"about":[{"href":"https:\/\/nottericerca.uniroma3.it\/index.php?rest_route=\/wp\/v2\/types\/post"}],"author":[{"embeddable":true,"href":"https:\/\/nottericerca.uniroma3.it\/index.php?rest_route=\/wp\/v2\/users\/1"}],"replies":[{"embeddable":true,"href":"https:\/\/nottericerca.uniroma3.it\/index.php?rest_route=%2Fwp%2Fv2%2Fcomments&post=2212"}],"version-history":[{"count":6,"href":"https:\/\/nottericerca.uniroma3.it\/index.php?rest_route=\/wp\/v2\/posts\/2212\/revisions"}],"predecessor-version":[{"id":5106,"href":"https:\/\/nottericerca.uniroma3.it\/index.php?rest_route=\/wp\/v2\/posts\/2212\/revisions\/5106"}],"wp:featuredmedia":[{"embeddable":true,"href":"https:\/\/nottericerca.uniroma3.it\/index.php?rest_route=\/wp\/v2\/media\/4562"}],"wp:attachment":[{"href":"https:\/\/nottericerca.uniroma3.it\/index.php?rest_route=%2Fwp%2Fv2%2Fmedia&parent=2212"}],"wp:term":[{"taxonomy":"category","embeddable":true,"href":"https:\/\/nottericerca.uniroma3.it\/index.php?rest_route=%2Fwp%2Fv2%2Fcategories&post=2212"},{"taxonomy":"post_tag","embeddable":true,"href":"https:\/\/nottericerca.uniroma3.it\/index.php?rest_route=%2Fwp%2Fv2%2Ftags&post=2212"}],"curies":[{"name":"wp","href":"https:\/\/api.w.org\/{rel}","templated":true}]}}