{"id":2639,"date":"2023-07-06T09:48:28","date_gmt":"2023-07-06T09:48:28","guid":{"rendered":"https:\/\/nottericerca.uniroma3.it\/?p=2639"},"modified":"2023-07-10T09:25:58","modified_gmt":"2023-07-10T09:25:58","slug":"le-mura-aureliane-a-porta-latina-storia-e-restauri","status":"publish","type":"post","link":"https:\/\/nottericerca.uniroma3.it\/?p=2639","title":{"rendered":"Le Mura Aureliane a Porta Latina: storia e restauri"},"content":{"rendered":"\n<h3 class=\"wp-block-heading\">Edizione 2018<\/h3>\n\n\n\n<div class=\"wp-block-media-text alignwide is-stacked-on-mobile\" style=\"grid-template-columns:40% auto\"><figure class=\"wp-block-media-text__media\"><img loading=\"lazy\" decoding=\"async\" width=\"912\" height=\"1024\" src=\"https:\/\/nottericerca.uniroma3.it\/wp-content\/uploads\/2023\/07\/zampilli2018-912x1024.jpg\" alt=\"\" class=\"wp-image-2642 size-full\" srcset=\"https:\/\/nottericerca.uniroma3.it\/wp-content\/uploads\/2023\/07\/zampilli2018-912x1024.jpg 912w, https:\/\/nottericerca.uniroma3.it\/wp-content\/uploads\/2023\/07\/zampilli2018-267x300.jpg 267w, https:\/\/nottericerca.uniroma3.it\/wp-content\/uploads\/2023\/07\/zampilli2018-768x862.jpg 768w, https:\/\/nottericerca.uniroma3.it\/wp-content\/uploads\/2023\/07\/zampilli2018-1368x1536.jpg 1368w, https:\/\/nottericerca.uniroma3.it\/wp-content\/uploads\/2023\/07\/zampilli2018.jpg 1788w\" sizes=\"auto, (max-width: 912px) 100vw, 912px\" \/><\/figure><div class=\"wp-block-media-text__content\">\n<h2 class=\"wp-block-heading\">Le Mura Aureliane a Porta Latina: storia e restauri<\/h2>\n\n\n\n<p><strong>LUNED\u00cc 24 Settembre<\/strong>\u00a0ore 18:00<br>Porta Latina, una delle porte di secondo tipo del circuito murario costruito dagli imperatore Aureliano a partire dal 271 d.C., \u00e8 rimasta tra le pi\u00f9 conservate seppur abbia subito numerosi cambiamenti di stato nel corso del tempo. Nonostante i molti studi che la riguardano, si \u00e8 ancora in attesa di una ricostruzione attendibile e definitiva delle sue principali fasi storiche. Lo studio che si mostra \u00e8 sviluppato a partire da una tesi di laurea in architettura-restauro ed \u00e8 parte di una ricerca dipartimentale pi\u00f9 ampia dal titolo: \u201cLe Mura Aureliane: conoscenza, ricognizione, progetto\u201d, che si sta svolgendo in collaborazione con la Sovraintendenza Capitolina ai Beni Culturali, con l\u2019obiettivo di creare un Museo virtuale delle Mura Aureliane al fine di individuare i percorsi pi\u00f9 adeguati per la loro conoscenza e valorizzazione. La ricerca su Porta Latina si \u00e8 avvalsa di un approfondito rilievo geometrico e critico sviluppato con diversi metodi: laser scanner, fotogrammetria e manuale diretto. Una rappresentazione molto accurata dei paramenti e delle strutture murarie in pianta ed alzato con numerose viste e spaccati assonometrici, ed anche grazie ad un\u2019analisi dettagliata dei valori cromatici delle superfici, hanno consentito di leggere soluzioni di continuit\u00e0 e alterazioni materiche riferibili a fasi costruttive differenti altrimenti difficilmente rilevabili ad occhio nudo. Il confronto del rilievo con la ricca documentazione iconografica e gli studi precedenti ha permesso di avanzare nuove ipotesi sulla storia costruttiva della porta e proporne l\u2019assetto architettonico raggiunto al tempo di Onorio I (402-403 d.C.), quando furono costruite le due torri semicilindriche e la controporta. Il risultato finale \u00e8 un modello virtuale 3D del monumento nella sua fase attuale, messo a confronto con la restituzione ideale della fase pi\u00f9 organica, quella appunto risalente al V secolo d.C.<\/p>\n\n\n\n<p><em>Michele Zampilli e Manuela Michelini &#8211; Dipartimento di Architettura<\/em><\/p>\n<\/div><\/div>\n\n\n\n<hr class=\"wp-block-separator has-alpha-channel-opacity\"\/>\n\n\n\n<h3 class=\"wp-block-heading\" id=\"2017\">Edizione 2017<\/h3>\n\n\n\n<div class=\"wp-block-media-text alignwide is-stacked-on-mobile\" style=\"grid-template-columns:40% auto\"><figure class=\"wp-block-media-text__media\"><img loading=\"lazy\" decoding=\"async\" width=\"912\" height=\"1024\" src=\"https:\/\/nottericerca.uniroma3.it\/wp-content\/uploads\/2023\/07\/zampilli2018-912x1024.jpg\" alt=\"\" class=\"wp-image-2642 size-full\" srcset=\"https:\/\/nottericerca.uniroma3.it\/wp-content\/uploads\/2023\/07\/zampilli2018-912x1024.jpg 912w, https:\/\/nottericerca.uniroma3.it\/wp-content\/uploads\/2023\/07\/zampilli2018-267x300.jpg 267w, https:\/\/nottericerca.uniroma3.it\/wp-content\/uploads\/2023\/07\/zampilli2018-768x862.jpg 768w, https:\/\/nottericerca.uniroma3.it\/wp-content\/uploads\/2023\/07\/zampilli2018-1368x1536.jpg 1368w, https:\/\/nottericerca.uniroma3.it\/wp-content\/uploads\/2023\/07\/zampilli2018.jpg 1788w\" sizes=\"auto, (max-width: 912px) 100vw, 912px\" \/><\/figure><div class=\"wp-block-media-text__content\">\n<h2 class=\"wp-block-heading\">Le Mura Aureliane presso Porta Latina:<br>storia e restauri<\/h2>\n\n\n\n<p>Appuntamento: di fronte a porta latina &#8211; Via di Porta Latina.<br><strong>27 settembre 2017 ore 18:00<\/strong><\/p>\n\n\n\n<p>Porta Latina, pur avendo subito molte trasformazioni e mutilazioni, \u00e8 una delle porte meglio conservate del circuito murario e mostra gran parte della strutturazione originaria aureliana e della successiva sopraelevazione onoriana. Il recente restauro delle superfici esterne, molto ben eseguito, permette di apprezzare la successione di stratificazioni presenti. Ora sono in corso altri interventi di restauro e di accessibilit\u00e0 che consentiranno, a breve, la visita anche degli ambienti interni e delle gallerie onoriane.<\/p>\n\n\n\n<p><em>Michele Zampilli &#8211; Dipartimento di Architettura<\/em><\/p>\n<\/div><\/div>\n","protected":false},"excerpt":{"rendered":"<p>Edizione 2018 Le Mura Aureliane a Porta Latina: storia e restauri LUNED\u00cc 24 Settembre\u00a0ore 18:00Porta Latina, una delle porte di secondo tipo del circuito murario&hellip;<\/p>\n","protected":false},"author":1,"featured_media":0,"comment_status":"closed","ping_status":"closed","sticky":false,"template":"","format":"standard","meta":{"footnotes":""},"categories":[1],"tags":[],"class_list":["post-2639","post","type-post","status-publish","format-standard","hentry","category-uncategorized"],"_links":{"self":[{"href":"https:\/\/nottericerca.uniroma3.it\/index.php?rest_route=\/wp\/v2\/posts\/2639","targetHints":{"allow":["GET"]}}],"collection":[{"href":"https:\/\/nottericerca.uniroma3.it\/index.php?rest_route=\/wp\/v2\/posts"}],"about":[{"href":"https:\/\/nottericerca.uniroma3.it\/index.php?rest_route=\/wp\/v2\/types\/post"}],"author":[{"embeddable":true,"href":"https:\/\/nottericerca.uniroma3.it\/index.php?rest_route=\/wp\/v2\/users\/1"}],"replies":[{"embeddable":true,"href":"https:\/\/nottericerca.uniroma3.it\/index.php?rest_route=%2Fwp%2Fv2%2Fcomments&post=2639"}],"version-history":[{"count":3,"href":"https:\/\/nottericerca.uniroma3.it\/index.php?rest_route=\/wp\/v2\/posts\/2639\/revisions"}],"predecessor-version":[{"id":3041,"href":"https:\/\/nottericerca.uniroma3.it\/index.php?rest_route=\/wp\/v2\/posts\/2639\/revisions\/3041"}],"wp:attachment":[{"href":"https:\/\/nottericerca.uniroma3.it\/index.php?rest_route=%2Fwp%2Fv2%2Fmedia&parent=2639"}],"wp:term":[{"taxonomy":"category","embeddable":true,"href":"https:\/\/nottericerca.uniroma3.it\/index.php?rest_route=%2Fwp%2Fv2%2Fcategories&post=2639"},{"taxonomy":"post_tag","embeddable":true,"href":"https:\/\/nottericerca.uniroma3.it\/index.php?rest_route=%2Fwp%2Fv2%2Ftags&post=2639"}],"curies":[{"name":"wp","href":"https:\/\/api.w.org\/{rel}","templated":true}]}}