{"id":298,"date":"2022-06-15T16:51:25","date_gmt":"2022-06-15T16:51:25","guid":{"rendered":"https:\/\/nottericerca.uniroma3.it\/?p=298"},"modified":"2024-09-18T15:23:13","modified_gmt":"2024-09-18T15:23:13","slug":"parola-ai-ricercatori-di-fisica","status":"publish","type":"post","link":"https:\/\/nottericerca.uniroma3.it\/?p=298","title":{"rendered":"Fermi, il nucleo e la bomba"},"content":{"rendered":"\n<h3 class=\"wp-block-heading\">Vittorio Lubicz \u2013 Dipartimento di Matematica e Fisica -Edizione 2024<\/h3>\n\n\n\n<div class=\"wp-block-media-text is-stacked-on-mobile\" style=\"grid-template-columns:40% auto\"><figure class=\"wp-block-media-text__media\"><img loading=\"lazy\" decoding=\"async\" width=\"960\" height=\"720\" src=\"https:\/\/nottericerca.uniroma3.it\/wp-content\/uploads\/2022\/06\/VittorioLubicz.jpeg\" alt=\"\" class=\"wp-image-4923 size-full\" srcset=\"https:\/\/nottericerca.uniroma3.it\/wp-content\/uploads\/2022\/06\/VittorioLubicz.jpeg 960w, https:\/\/nottericerca.uniroma3.it\/wp-content\/uploads\/2022\/06\/VittorioLubicz-300x225.jpeg 300w, https:\/\/nottericerca.uniroma3.it\/wp-content\/uploads\/2022\/06\/VittorioLubicz-768x576.jpeg 768w\" sizes=\"auto, (max-width: 960px) 100vw, 960px\" \/><\/figure><div class=\"wp-block-media-text__content\">\n<p><strong>venerd\u00ec 27 settembre 2024 \u2013 ore 22:30 &#8211; 23:30<\/strong><br><em>Approfondimenti \u2013 Via della Vasca Navale 109<\/em><\/p>\n\n\n\n<p>PRENOTAZIONE SUL POSTO &#8211; Aula Conferenze<\/p>\n\n\n\n<p>Il 16 luglio 1945, alle 5:30 del mattino, nel deserto di Alamogordo, Nuovo Messico, venne eseguito il Trinity test, la prima esplosione di una bomba atomica. La fisica della bomba coinvolge i fondamenti della fisica moderna, la teoria della relativit\u00e0 e la meccanica quantistica. Tra i tanti scienziati protagonisti di questa storia, uno tra tutti emerge per i suoi continui contributi, teorici e sperimentali: Enrico Fermi.&nbsp;<\/p>\n\n\n\n<p>Ripercorriamo questa storia, parlando di fisica e di storia della fisica.<\/p>\n<\/div><\/div>\n\n\n\n<p><\/p>\n\n\n\n<p>Vittorio Lubicz \u2013 Dipartimento di Matematica e Fisica<\/p>\n\n\n\n<p><\/p>\n\n\n\n<div class=\"wp-block-buttons is-content-justification-center is-layout-flex wp-container-core-buttons-is-layout-16018d1d wp-block-buttons-is-layout-flex\">\n<div class=\"wp-block-button\"><a class=\"wp-block-button__link has-background wp-element-button\" href=\"https:\/\/nottericerca.uniroma3.it\/?cat=122\" style=\"background-color:#ff0092\" target=\"_blank\" rel=\"noreferrer noopener\">Notte Europea &#8211; 27 settembre 2024<\/a><\/div>\n\n\n\n<div class=\"wp-block-button\"><a class=\"wp-block-button__link has-background wp-element-button\" href=\"https:\/\/nottericerca.uniroma3.it\/?cat=129\" style=\"background-color:#ff0092\" target=\"_blank\" rel=\"noreferrer noopener\">Settimana della Scienza &#8211; 21-28 settembre 2024<\/a><\/div>\n<\/div>\n\n\n\n<p><\/p>\n\n\n\n<h3 class=\"wp-block-heading\" id=\"2020\">Edizione 2020<a name=\"pettinelli\"><\/a><\/h3>\n\n\n\n<h2 class=\"wp-block-heading\">L&#8217;origine della massa &#8211; Vittorio Lubicz<\/h2>\n\n\n\n<p><strong>Online<\/strong> &#8211; <strong>mercoled\u00ec 25 novembre 2020 &#8211; ore 17:00<\/strong><\/p>\n\n\n\n<figure class=\"wp-block-embed is-type-video is-provider-youtube wp-block-embed-youtube wp-embed-aspect-16-9 wp-has-aspect-ratio\"><div class=\"wp-block-embed__wrapper\">\n<iframe loading=\"lazy\" title=\"Parola ai Ricercatori\" width=\"843\" height=\"474\" src=\"https:\/\/www.youtube.com\/embed\/nNTllxLtqTA?feature=oembed\" frameborder=\"0\" allow=\"accelerometer; autoplay; clipboard-write; encrypted-media; gyroscope; picture-in-picture; web-share\" referrerpolicy=\"strict-origin-when-cross-origin\" allowfullscreen><\/iframe>\n<\/div><\/figure>\n\n\n\n<p><a name=\"matt\"><\/a><\/p>\n\n\n\n<p><a name=\"raimondi\"><\/a><\/p>\n\n\n\n<h2 class=\"wp-block-heading\">La Spintronica &#8211; Roberto Raimondi<\/h2>\n\n\n\n<p><strong>Online<\/strong> &#8211; gioved\u00ec 26 novembre 2020 &#8211; ore 17:30<\/p>\n\n\n\n<figure class=\"wp-block-embed is-type-video is-provider-youtube wp-block-embed-youtube wp-embed-aspect-16-9 wp-has-aspect-ratio\"><div class=\"wp-block-embed__wrapper\">\n<iframe loading=\"lazy\" title=\"Parola ai Ricercatori\" width=\"843\" height=\"474\" src=\"https:\/\/www.youtube.com\/embed\/J1rC938FFzI?feature=oembed\" frameborder=\"0\" allow=\"accelerometer; autoplay; clipboard-write; encrypted-media; gyroscope; picture-in-picture; web-share\" referrerpolicy=\"strict-origin-when-cross-origin\" allowfullscreen><\/iframe>\n<\/div><\/figure>\n\n\n\n<p><a name=\"lubicz2\"><\/a><\/p>\n\n\n\n<hr class=\"wp-block-separator has-alpha-channel-opacity\"\/>\n\n\n\n<h3 class=\"wp-block-heading\" id=\"2019\">Edizione 2019<\/h3>\n\n\n\n<div class=\"wp-block-media-text alignwide is-stacked-on-mobile\" style=\"grid-template-columns:40% auto\"><figure class=\"wp-block-media-text__media\"><img loading=\"lazy\" decoding=\"async\" width=\"1024\" height=\"1024\" src=\"https:\/\/nottericerca.uniroma3.it\/wp-content\/uploads\/2022\/06\/41-DiMicco.jpeg\" alt=\"\" class=\"wp-image-2061 size-full\" srcset=\"https:\/\/nottericerca.uniroma3.it\/wp-content\/uploads\/2022\/06\/41-DiMicco.jpeg 1024w, https:\/\/nottericerca.uniroma3.it\/wp-content\/uploads\/2022\/06\/41-DiMicco-300x300.jpeg 300w, https:\/\/nottericerca.uniroma3.it\/wp-content\/uploads\/2022\/06\/41-DiMicco-150x150.jpeg 150w, https:\/\/nottericerca.uniroma3.it\/wp-content\/uploads\/2022\/06\/41-DiMicco-768x768.jpeg 768w\" sizes=\"auto, (max-width: 1024px) 100vw, 1024px\" \/><\/figure><div class=\"wp-block-media-text__content\">\n<h2 class=\"wp-block-heading\">Cosmogenesi<\/h2>\n\n\n\n<p><strong>Approfondimenti<\/strong><br>venerd\u00ec 27 settembre 2019 &#8211; ore 22:30<\/p>\n\n\n\n<p>Con la scoperta del bosone di Higgs e delle onde gravitazionali negli ultimi sette anni, le teorie che sono alla base della nostra comprensione dei fenomeni naturali hanno avuto due straordinarie conferme. Queste teorie sono utilizzate per indagare le origini dell&#8217;universo e la sua evoluzione dai primi istanti della sua formazione ad oggi. Il seminario descriver\u00e0 la teoria cosmologica pi\u00f9 accreditata spiegando quali sono gli elementi ancora incerti e quali sono gli strumenti necessari per completare la nostre conoscenze sulla genesi dell&#8217;universo.<\/p>\n<\/div><\/div>\n\n\n\n<p><\/p>\n\n\n\n<p><em>Biagio di Micco &#8211; Dipartimento di Matematica e Fisica<\/em><\/p>\n\n\n\n<hr class=\"wp-block-separator has-alpha-channel-opacity\"\/>\n\n\n\n<h3 class=\"wp-block-heading\" id=\"2017\">Edizione 2017<\/h3>\n\n\n\n<div class=\"wp-block-media-text alignwide is-stacked-on-mobile\" style=\"grid-template-columns:40% auto\"><figure class=\"wp-block-media-text__media\"><img loading=\"lazy\" decoding=\"async\" width=\"551\" height=\"552\" src=\"https:\/\/nottericerca.uniroma3.it\/wp-content\/uploads\/2022\/06\/pettinelli.png\" alt=\"\" class=\"wp-image-2813 size-full\" srcset=\"https:\/\/nottericerca.uniroma3.it\/wp-content\/uploads\/2022\/06\/pettinelli.png 551w, https:\/\/nottericerca.uniroma3.it\/wp-content\/uploads\/2022\/06\/pettinelli-300x300.png 300w, https:\/\/nottericerca.uniroma3.it\/wp-content\/uploads\/2022\/06\/pettinelli-150x150.png 150w\" sizes=\"auto, (max-width: 551px) 100vw, 551px\" \/><\/figure><div class=\"wp-block-media-text__content\">\n<h2 class=\"wp-block-heading\">La Fisica di Sherlock Holmes<\/h2>\n\n\n\n<p><strong>Approfondimenti<\/strong><br>venerd\u00ec 29 settembre 2017 &#8211; ore 20:00<\/p>\n\n\n\n<p>L\u2019approccio di Sherlock Holmes alle indagini investigative \u00e8 straordinariamente simile a quello di un fisico che osserva i fenomeni, analizza il risultato delle proprie osservazioni e sviluppa teorie, supportandole o confutandole con nuove osservazioni. Tutti i racconti che coinvolgono il noto investigatore sono rigorosamente basati sulla ricerca di prove inequivocabili e metodologie scienfifiche capaci di dimostrare i fatti avvenuti sulla scena del crimine. In questo seminario si utilizza la figura ed il metodo di Holmes per spiegare come si costruisce una teoria scientifica e come se ne verifica la sua validit\u00e0.<\/p>\n<\/div><\/div>\n\n\n\n<p><\/p>\n\n\n\n<p><em>Elena Pettinelli &#8211; Dipartimento di Matematica e Fisica<\/em><\/p>\n\n\n\n<p><\/p>\n\n\n\n<div class=\"wp-block-media-text alignwide is-stacked-on-mobile\" style=\"grid-template-columns:40% auto\"><figure class=\"wp-block-media-text__media\"><img loading=\"lazy\" decoding=\"async\" width=\"657\" height=\"657\" src=\"https:\/\/nottericerca.uniroma3.it\/wp-content\/uploads\/2022\/06\/verna.jpg\" alt=\"\" class=\"wp-image-2816 size-full\" srcset=\"https:\/\/nottericerca.uniroma3.it\/wp-content\/uploads\/2022\/06\/verna.jpg 657w, https:\/\/nottericerca.uniroma3.it\/wp-content\/uploads\/2022\/06\/verna-300x300.jpg 300w, https:\/\/nottericerca.uniroma3.it\/wp-content\/uploads\/2022\/06\/verna-150x150.jpg 150w\" sizes=\"auto, (max-width: 657px) 100vw, 657px\" \/><\/figure><div class=\"wp-block-media-text__content\">\n<h2 class=\"wp-block-heading\">Il magnetismo e le sue innumerevoli applicazioni<\/h2>\n\n\n\n<p><strong>Approfondimenti<\/strong><br>venerd\u00ec 29 settembre 2017 &#8211; ore 20:00<\/p>\n\n\n\n<p>Pochi fenomeni fisici sono all\u2019origine di cos\u00ec numerose applicazioni tecnologiche quanto il magnetismo: dall\u2019uso della bussola, inventata mille anni fa, alla generazione di corrente, ai motori elettrici, alla registrazione di informazioni, alla risonanza magnetica in medicina fino all\u2019utilizzo nei futuri reattori a fusione nucleare. Lo studio del magnetismo ha tracciato tutto lo sviluppo della scienza moderna. Verranno ricostruite in maniera semplice le principali tappe della storia del magnetismo partendo dalla scoperta delle prime calamite naturali da parte degli antichi greci e cinesi e dal mistero che un\u2019inspiegabile forza di attrazione a distanza esercit\u00f2 sulla fantasia degli uomini nel Medioevo e fino al Settecento, con tutto il carico di leggende sulle propriet\u00e0 magiche e taumaturgiche dei magneti. Lo studio del magnetismo secondo metodi scientifici inizi\u00f2 nel Rinascimento con la scoperta del campo magnetico terrestre e prosegu\u00ec con la ricerca del legame fra fenomeni elettrici e magnetici che port\u00f2 alla codificazione delle teorie dell\u2019elettromagnetismo di Maxwell e dell\u2019ottica alla fine dell\u2019Ottocento. Solo nel Novecento con lo sviluppo della meccanica quantistica si pot\u00e9 spiegare perch\u00e9 le calamite sono magnetizzate in maniera permanente. Parleremo della tecnologia alla base della registrazione magnetica (dalle musicassette ai pi\u00f9 moderni hard disk e RAM magnetiche) e accenneremo alle possibili future applicazioni di materiali magnetici innovativi.<\/p>\n<\/div><\/div>\n\n\n\n<p><\/p>\n\n\n\n<p><em>Adriano Verna &#8211; Dipartimento di Scienze<\/em><\/p>\n\n\n\n<p><\/p>\n\n\n\n<div class=\"wp-block-media-text alignwide is-stacked-on-mobile\" style=\"grid-template-columns:40% auto\"><figure class=\"wp-block-media-text__media\"><img loading=\"lazy\" decoding=\"async\" width=\"566\" height=\"565\" src=\"https:\/\/nottericerca.uniroma3.it\/wp-content\/uploads\/2022\/06\/dimicco-1.png\" alt=\"\" class=\"wp-image-2817 size-full\" srcset=\"https:\/\/nottericerca.uniroma3.it\/wp-content\/uploads\/2022\/06\/dimicco-1.png 566w, https:\/\/nottericerca.uniroma3.it\/wp-content\/uploads\/2022\/06\/dimicco-1-300x300.png 300w, https:\/\/nottericerca.uniroma3.it\/wp-content\/uploads\/2022\/06\/dimicco-1-150x150.png 150w\" sizes=\"auto, (max-width: 566px) 100vw, 566px\" \/><\/figure><div class=\"wp-block-media-text__content\">\n<h2 class=\"wp-block-heading\">La caduta del vuoto e gli acceleratori futuri<\/h2>\n\n\n\n<p><strong>Approfondimenti<\/strong><br>venerd\u00ec 29 settembre 2017 &#8211; ore 22:00<\/p>\n\n\n\n<p>Uno dei risultati pi\u00f9 sconcertanti che deriva dalla misura della massa del bosone di Higgs, e\u2019 che lo spazio che ci circonda potrebbe improvvisamente cambiare stato, creando delle regioni di spazio che si espandono e inghiottono tutto ci\u00f2 che incontrano. Questo fenomeno e\u2019 noto come \u201ccaduta del vuoto\u201d. Causa scatenante di questo fenomeno, e\u2019 il meccanismo con cui il bosone di Higgs interagisce con se stesso. Le macchine acceleratrici costruite fino ad oggi non sono sufficientemente potenti per studiare il meccanismo di auto-interazione. Abbiamo bisogno di acceleratori sempre pi\u00f9 potenti, costruiti da collaborazioni su scala mondiale. In questo seminario saranno descritte le attuali conoscenze sulla caduta del vuoto e gli acceleratori che si sta pensando di costruire per superare i limiti delle conoscenze attuali.<\/p>\n<\/div><\/div>\n\n\n\n<p><\/p>\n\n\n\n<p><em>Biagio Di Micco &#8211; Dipartimento di Matematica e Fisica<\/em><\/p>\n","protected":false},"excerpt":{"rendered":"<p>Vittorio Lubicz \u2013 Dipartimento di Matematica e Fisica -Edizione 2024 venerd\u00ec 27 settembre 2024 \u2013 ore 22:30 &#8211; 23:30Approfondimenti \u2013 Via della Vasca Navale 109&hellip;<\/p>\n","protected":false},"author":1,"featured_media":4923,"comment_status":"closed","ping_status":"closed","sticky":false,"template":"","format":"standard","meta":{"footnotes":""},"categories":[82,85,110,99,122,133],"tags":[],"class_list":["post-298","post","type-post","status-publish","format-standard","has-post-thumbnail","hentry","category-approfondimenti","category-prenotazioni-sul-posto","category-attivita-in-aula","category-fisica","category-notte-del-27-settembre-2024","category-sconsigliata-ai-bambini"],"_links":{"self":[{"href":"https:\/\/nottericerca.uniroma3.it\/index.php?rest_route=\/wp\/v2\/posts\/298","targetHints":{"allow":["GET"]}}],"collection":[{"href":"https:\/\/nottericerca.uniroma3.it\/index.php?rest_route=\/wp\/v2\/posts"}],"about":[{"href":"https:\/\/nottericerca.uniroma3.it\/index.php?rest_route=\/wp\/v2\/types\/post"}],"author":[{"embeddable":true,"href":"https:\/\/nottericerca.uniroma3.it\/index.php?rest_route=\/wp\/v2\/users\/1"}],"replies":[{"embeddable":true,"href":"https:\/\/nottericerca.uniroma3.it\/index.php?rest_route=%2Fwp%2Fv2%2Fcomments&post=298"}],"version-history":[{"count":29,"href":"https:\/\/nottericerca.uniroma3.it\/index.php?rest_route=\/wp\/v2\/posts\/298\/revisions"}],"predecessor-version":[{"id":5274,"href":"https:\/\/nottericerca.uniroma3.it\/index.php?rest_route=\/wp\/v2\/posts\/298\/revisions\/5274"}],"wp:featuredmedia":[{"embeddable":true,"href":"https:\/\/nottericerca.uniroma3.it\/index.php?rest_route=\/wp\/v2\/media\/4923"}],"wp:attachment":[{"href":"https:\/\/nottericerca.uniroma3.it\/index.php?rest_route=%2Fwp%2Fv2%2Fmedia&parent=298"}],"wp:term":[{"taxonomy":"category","embeddable":true,"href":"https:\/\/nottericerca.uniroma3.it\/index.php?rest_route=%2Fwp%2Fv2%2Fcategories&post=298"},{"taxonomy":"post_tag","embeddable":true,"href":"https:\/\/nottericerca.uniroma3.it\/index.php?rest_route=%2Fwp%2Fv2%2Ftags&post=298"}],"curies":[{"name":"wp","href":"https:\/\/api.w.org\/{rel}","templated":true}]}}