{"id":3134,"date":"2023-07-10T12:35:15","date_gmt":"2023-07-10T12:35:15","guid":{"rendered":"https:\/\/nottericerca.uniroma3.it\/?p=3134"},"modified":"2024-09-12T11:59:30","modified_gmt":"2024-09-12T11:59:30","slug":"parola-ai-ricercatori-2","status":"publish","type":"post","link":"https:\/\/nottericerca.uniroma3.it\/?p=3134","title":{"rendered":"Parola ai ricercatori: Fenomeno Isola di Calore Urbano citt\u00e0 di Roma\u00a0"},"content":{"rendered":"\n<h3 class=\"wp-block-heading\">Edizione 2024<\/h3>\n\n\n\n<div class=\"wp-block-media-text is-stacked-on-mobile\" style=\"grid-template-columns:20% auto\"><figure class=\"wp-block-media-text__media\"><img loading=\"lazy\" decoding=\"async\" width=\"342\" height=\"342\" src=\"https:\/\/nottericerca.uniroma3.it\/wp-content\/uploads\/2023\/07\/Foto-De-Cristo2_.jpg\" alt=\"\" class=\"wp-image-5175 size-full\" srcset=\"https:\/\/nottericerca.uniroma3.it\/wp-content\/uploads\/2023\/07\/Foto-De-Cristo2_.jpg 342w, https:\/\/nottericerca.uniroma3.it\/wp-content\/uploads\/2023\/07\/Foto-De-Cristo2_-300x300.jpg 300w, https:\/\/nottericerca.uniroma3.it\/wp-content\/uploads\/2023\/07\/Foto-De-Cristo2_-150x150.jpg 150w\" sizes=\"auto, (max-width: 342px) 100vw, 342px\" \/><\/figure><div class=\"wp-block-media-text__content\">\n<p><strong>marted\u00ec 24 settembre 2024 &#8211; ore 17:00-17:45<\/strong><br>Aula Conferenze &#8211; <em>Via Vito Volterra 60<\/em><\/p>\n\n\n\n<p>Come conseguenza dell&#8217;urbanizzazione, le citt\u00e0 sperimentano fenomeni microclimatici locali caratterizzati da temperature dell\u2019aria pi\u00f9 elevate rispetto alle aree rurali circostanti. Questo fenomeno, noto come Isola di Calore Urbano (Urban Heat Island in inglese), rappresenta una sfida di rilievo per la gestione ambientale e l&#8217;efficienza energetica degli edifici. L\u2019intensit\u00e0 con la quale il fenomeno si presenta \u00e8 fortemente influenzata dal tessuto urbano (uso e copertura del suolo), con una variabilit\u00e0 nello spazio e nel tempo. L&#8217;aumento delle temperature dell&#8217;aria all&#8217;interno del contesto urbano ha un impatto considerevole sui fabbisogni energetici degli edifici, in termini di riscaldamento e raffrescamento. Nonostante l\u2019alta percentuale di aree verdi, anche la citt\u00e0 di Roma non \u00e8 immune all\u2019Isola di Calore Urbano.<\/p>\n<\/div><\/div>\n\n\n\n<p><em>Edoardo De Cristo \u2013 Dipartimento di Ingegneria Industriale, Elettronica e Meccanica<\/em><\/p>\n\n\n\n<div class=\"wp-block-buttons is-content-justification-center is-layout-flex wp-container-core-buttons-is-layout-16018d1d wp-block-buttons-is-layout-flex\">\n<div class=\"wp-block-button\"><a class=\"wp-block-button__link has-background wp-element-button\" href=\"https:\/\/nottericerca.uniroma3.it\/?cat=122\" style=\"background-color:#ff0092\" target=\"_blank\" rel=\"noreferrer noopener\">Notte Europea &#8211; 27 settembre 2024<\/a><\/div>\n\n\n\n<div class=\"wp-block-button\"><a class=\"wp-block-button__link has-background wp-element-button\" href=\"https:\/\/nottericerca.uniroma3.it\/?cat=129\" style=\"background-color:#ff0092\" target=\"_blank\" rel=\"noreferrer noopener\">Settimana della Scienza &#8211; 21-28 settembre 2024<\/a><\/div>\n<\/div>\n\n\n\n<hr class=\"wp-block-separator has-alpha-channel-opacity\"\/>\n\n\n\n<h3 class=\"wp-block-heading\">Edizione 2023<\/h3>\n\n\n\n<h3 class=\"wp-block-heading\" id=\"lunedi25\">luned\u00ec 25 settembre ore 17:30-18:30<\/h3>\n\n\n\n<p><em>Sala Conferenze &#8211; Via Vito Volterra 6<\/em>0\/62<\/p>\n\n\n\n<div class=\"wp-block-media-text is-stacked-on-mobile\" style=\"grid-template-columns:20% auto\"><figure class=\"wp-block-media-text__media\"><img loading=\"lazy\" decoding=\"async\" width=\"530\" height=\"531\" src=\"https:\/\/nottericerca.uniroma3.it\/wp-content\/uploads\/2023\/07\/sveva-corrado.jpg\" alt=\"\" class=\"wp-image-3608 size-full\" srcset=\"https:\/\/nottericerca.uniroma3.it\/wp-content\/uploads\/2023\/07\/sveva-corrado.jpg 530w, https:\/\/nottericerca.uniroma3.it\/wp-content\/uploads\/2023\/07\/sveva-corrado-300x300.jpg 300w, https:\/\/nottericerca.uniroma3.it\/wp-content\/uploads\/2023\/07\/sveva-corrado-150x150.jpg 150w\" sizes=\"auto, (max-width: 530px) 100vw, 530px\" \/><\/figure><div class=\"wp-block-media-text__content\">\n<h2 class=\"wp-block-heading\">L\u2019Agenda 2030 per lo Sviluppo Sostenibile<\/h2>\n\n\n\n<p>In un mondo in rapidissima evoluzione verso la decarbonizzazione, l&#8217;Agenda 2030 per lo Sviluppo sostenibile delle Nazioni Unite \u00e8 una bussola preziosa che ci guida nell&#8217;orientare le nostre scelte a varia scala, dalla vita quotidiana alle politiche dei prossimi decenni, per consegnare alle future generazioni un Pianeta vivibile e in buona salute. Come hanno raccolto questa sfida i geologi in Europa e nel mondo? Ve lo racconteremo in questa avvincente intervista ad una geologa di Roma Tre.<\/p>\n\n\n\n<p><em>Sveva Corrado &#8211; Dipartimento di Scienze<\/em><\/p>\n<\/div><\/div>\n\n\n\n<div class=\"wp-block-media-text is-stacked-on-mobile\" style=\"grid-template-columns:20% auto\"><figure class=\"wp-block-media-text__media\"><img loading=\"lazy\" decoding=\"async\" width=\"532\" height=\"531\" src=\"https:\/\/nottericerca.uniroma3.it\/wp-content\/uploads\/2023\/09\/gemma-andrea.jpg\" alt=\"\" class=\"wp-image-3609 size-full\" srcset=\"https:\/\/nottericerca.uniroma3.it\/wp-content\/uploads\/2023\/09\/gemma-andrea.jpg 532w, https:\/\/nottericerca.uniroma3.it\/wp-content\/uploads\/2023\/09\/gemma-andrea-300x300.jpg 300w, https:\/\/nottericerca.uniroma3.it\/wp-content\/uploads\/2023\/09\/gemma-andrea-150x150.jpg 150w\" sizes=\"auto, (max-width: 532px) 100vw, 532px\" \/><\/figure><div class=\"wp-block-media-text__content\">\n<h2 class=\"wp-block-heading\">Nuove tecnologie a servizio dei sistemi di trasporto<\/h2>\n\n\n\n<p>Oggi siamo immersi in una rivoluzione nel settore dei trasporti, caratterizzata dalle seguenti parole chiave: &#8220;Automazione&#8221;, &#8220;Connettivit\u00e0&#8221;, &#8220;Sharing&#8221;, &#8220;Decarbonizzazione&#8221;, \u201cDigitalizzazione\u201d e &#8220;Sostenibilit\u00e0&#8221;. Questa rivoluzione \u00e8 alimentata da un costante sviluppo di nuove tecnologie, che stanno creando nuove prospettive e sfide nel modo in cui percepiamo e utilizziamo i trasporti. Durante l&#8217;intervento, verr\u00e0 descritto questo nuovo scenario, che rappresenta una scommessa tanto per i ricercatori quanto per le industrie e per gli utenti, impegnati in una corsa contro il tempo per adattarsi a un futuro gi\u00e0 presente.<\/p>\n\n\n\n<p><em>Andrea Gemma &#8211; Dipartimento di Ingegneria Informatica, Civile e delle Tecnologie Aeronautiche<\/em><\/p>\n<\/div><\/div>\n\n\n\n<figure class=\"wp-block-embed is-type-video is-provider-youtube wp-block-embed-youtube wp-embed-aspect-16-9 wp-has-aspect-ratio\"><div class=\"wp-block-embed__wrapper\">\n<iframe loading=\"lazy\" title=\"Parola ai Ricercatori e alle Ricercatrici di Roma Tre\" width=\"843\" height=\"474\" src=\"https:\/\/www.youtube.com\/embed\/d_D7dIMXXZk?feature=oembed\" frameborder=\"0\" allow=\"accelerometer; autoplay; clipboard-write; encrypted-media; gyroscope; picture-in-picture; web-share\" referrerpolicy=\"strict-origin-when-cross-origin\" allowfullscreen><\/iframe>\n<\/div><\/figure>\n\n\n\n<hr class=\"wp-block-separator has-alpha-channel-opacity\"\/>\n\n\n\n<h3 class=\"wp-block-heading\" id=\"martedi26\">marted\u00ec 26 settembre ore 17:30-18:30<\/h3>\n\n\n\n<p><em>Sala Conferenze &#8211; Via Vito Volterra 60<\/em><\/p>\n\n\n\n<div class=\"wp-block-media-text is-stacked-on-mobile\" style=\"grid-template-columns:20% auto\"><figure class=\"wp-block-media-text__media\"><img loading=\"lazy\" decoding=\"async\" width=\"532\" height=\"532\" src=\"https:\/\/nottericerca.uniroma3.it\/wp-content\/uploads\/2023\/07\/viviana-trezza.jpg\" alt=\"\" class=\"wp-image-3610 size-full\" srcset=\"https:\/\/nottericerca.uniroma3.it\/wp-content\/uploads\/2023\/07\/viviana-trezza.jpg 532w, https:\/\/nottericerca.uniroma3.it\/wp-content\/uploads\/2023\/07\/viviana-trezza-300x300.jpg 300w, https:\/\/nottericerca.uniroma3.it\/wp-content\/uploads\/2023\/07\/viviana-trezza-150x150.jpg 150w\" sizes=\"auto, (max-width: 532px) 100vw, 532px\" \/><\/figure><div class=\"wp-block-media-text__content\">\n<h2 class=\"wp-block-heading\">Cannabis: tra storia e medicina<\/h2>\n\n\n\n<p>La Cannabis \u00e8 una pianta nota e usata dall\u2019uomo da millenni, sia a scopo terapeutico che per uso voluttuario (come sostanza psicotropa, in altre parole). \u00c8 una pianta che contiene diversi componenti chimici, con caratteristiche ben distinte. Tali componenti al giorno d\u2019oggi vengono studiati per sfruttarne le propriet\u00e0 terapeutiche in tanti ambiti diversi. Al contempo, la presenza di alcuni componenti psicotropi rende la Cannabis una pianta controversa, il cui abuso pu\u00f2 essere problematico, soprattutto per alcune categorie di persone come gli adolescenti o le donne in gravidanza.<\/p>\n\n\n\n<p><em>Viviana Trezza &#8211; Dipartimento di Scienze<\/em><\/p>\n<\/div><\/div>\n\n\n\n<div class=\"wp-block-media-text is-stacked-on-mobile\" style=\"grid-template-columns:20% auto\"><figure class=\"wp-block-media-text__media\"><img loading=\"lazy\" decoding=\"async\" width=\"536\" height=\"536\" src=\"https:\/\/nottericerca.uniroma3.it\/wp-content\/uploads\/2023\/07\/silvia-conforto.jpg\" alt=\"\" class=\"wp-image-3611 size-full\" srcset=\"https:\/\/nottericerca.uniroma3.it\/wp-content\/uploads\/2023\/07\/silvia-conforto.jpg 536w, https:\/\/nottericerca.uniroma3.it\/wp-content\/uploads\/2023\/07\/silvia-conforto-300x300.jpg 300w, https:\/\/nottericerca.uniroma3.it\/wp-content\/uploads\/2023\/07\/silvia-conforto-150x150.jpg 150w\" sizes=\"auto, (max-width: 536px) 100vw, 536px\" \/><\/figure><div class=\"wp-block-media-text__content\">\n<h2 class=\"wp-block-heading\">La bioingegneria e l\u2019analisi della prestazione sportiva<\/h2>\n\n\n\n<p>Il buon esito di una prestazione sportiva \u00e8 risultato di un insieme di elementi che incrociano fattori psicologici, fisici ed ambientali che vanno accuratamente curati durante la fase di preparazione e la gara. L\u2019uso di tecniche e dispositivi per la valutazione della prestazione motoria ha molto aiutato non solo la valutazione ma il monitoraggio continuo dell\u2019allenamento.<\/p>\n\n\n\n<p>Nel laboratorio Biolab3 del DIIEM, si lavora da anni nella progettazione e sviluppo di dispositivi che aiutino la valutazione quantitativa e in quello di tecniche di analisi di dati che permettano il monitoraggio continuo delle variabili fisiologiche dell\u2019atleta e il loro uso per la corretta estrazione di informazione. Grande attenzione \u00e8 stata rivolta al ciclismo e all\u2019analisi biomeccanica della pedalata che ha permesso anche la brevettazione di un pedale strumentato capace di registrare segnali con i quali valutare l\u2019efficienza del gesto e migliorarla mediante interfacce di biofeedback<\/p>\n\n\n\n<p><em>Silvia Conforto &#8211; Dipartimento di Ingegneria Industriale, Elettronica e Meccanica<\/em><\/p>\n<\/div><\/div>\n\n\n\n<figure class=\"wp-block-embed is-type-video is-provider-youtube wp-block-embed-youtube wp-embed-aspect-16-9 wp-has-aspect-ratio\"><div class=\"wp-block-embed__wrapper\">\n<iframe loading=\"lazy\" title=\"Parola ai Ricercatori e alle Ricercatrici di Roma Tre\" width=\"843\" height=\"474\" src=\"https:\/\/www.youtube.com\/embed\/Up9LLtavRhc?feature=oembed\" frameborder=\"0\" allow=\"accelerometer; autoplay; clipboard-write; encrypted-media; gyroscope; picture-in-picture; web-share\" referrerpolicy=\"strict-origin-when-cross-origin\" allowfullscreen><\/iframe>\n<\/div><\/figure>\n\n\n\n<hr class=\"wp-block-separator has-alpha-channel-opacity\"\/>\n\n\n\n<h2 class=\"wp-block-heading\">Tavola Rotonda: l&#8217;Intelligenza artificiale, usi e prospettive di una tecnologia rivoluzionaria<\/h2>\n\n\n\n<h3 class=\"wp-block-heading\" id=\"mercoledi27\">mercoled\u00ec 27 settembre ore 17:30-18:30<\/h3>\n\n\n\n<p><em>Sala Conferenze &#8211; Via Vito Volterra 60<\/em><\/p>\n\n\n\n<p>L\u2019intelligenza artificiale \u00e8 ormai nota al grande pubblico come la tecnologia che pi\u00f9 probabilmente \u00e8 destinata a cambiare le vite di tutti noi. Quale sar\u00e0 il vero impatto di questa tecnologia sulla nostra quotidianit\u00e0? Quali contesti lavorativi saranno pi\u00f9 coinvolti nella transizione verso l\u2019uso dell\u2019intelligenza artificiale? In quali ambiti l\u2019intelligenza artificiale \u00e8 gi\u00e0 utilizzata con successo? Cercheremo di rispondere a queste e tante altre domande con un dibattito aperto che coinvolger\u00e0 tre ricercatori esperti del settore.<\/p>\n\n\n\n<div class=\"wp-block-media-text is-stacked-on-mobile\" style=\"grid-template-columns:20% auto\"><figure class=\"wp-block-media-text__media\"><img loading=\"lazy\" decoding=\"async\" width=\"308\" height=\"308\" src=\"https:\/\/nottericerca.uniroma3.it\/wp-content\/uploads\/2023\/09\/bonifaci.jpg\" alt=\"\" class=\"wp-image-3612 size-full\" srcset=\"https:\/\/nottericerca.uniroma3.it\/wp-content\/uploads\/2023\/09\/bonifaci.jpg 308w, https:\/\/nottericerca.uniroma3.it\/wp-content\/uploads\/2023\/09\/bonifaci-300x300.jpg 300w, https:\/\/nottericerca.uniroma3.it\/wp-content\/uploads\/2023\/09\/bonifaci-150x150.jpg 150w\" sizes=\"auto, (max-width: 308px) 100vw, 308px\" \/><\/figure><div class=\"wp-block-media-text__content\">\n<p><em>Vincenzo Bonifaci &#8211; Dipartimento di Matematica e Fisica<\/em><\/p>\n<\/div><\/div>\n\n\n\n<div class=\"wp-block-media-text is-stacked-on-mobile\" style=\"grid-template-columns:20% auto\"><figure class=\"wp-block-media-text__media\"><img loading=\"lazy\" decoding=\"async\" width=\"308\" height=\"308\" src=\"https:\/\/nottericerca.uniroma3.it\/wp-content\/uploads\/2023\/09\/gasparetti.jpg\" alt=\"\" class=\"wp-image-3613 size-full\" srcset=\"https:\/\/nottericerca.uniroma3.it\/wp-content\/uploads\/2023\/09\/gasparetti.jpg 308w, https:\/\/nottericerca.uniroma3.it\/wp-content\/uploads\/2023\/09\/gasparetti-300x300.jpg 300w, https:\/\/nottericerca.uniroma3.it\/wp-content\/uploads\/2023\/09\/gasparetti-150x150.jpg 150w\" sizes=\"auto, (max-width: 308px) 100vw, 308px\" \/><\/figure><div class=\"wp-block-media-text__content\">\n<p><em>Fabio Gasparetti &#8211; Dipartimento di Ingegneria Civile, Informatica e delle Tecnologie Aeronautiche<\/em><\/p>\n<\/div><\/div>\n\n\n\n<div class=\"wp-block-media-text is-stacked-on-mobile\" style=\"grid-template-columns:20% auto\"><figure class=\"wp-block-media-text__media\"><img loading=\"lazy\" decoding=\"async\" width=\"309\" height=\"309\" src=\"https:\/\/nottericerca.uniroma3.it\/wp-content\/uploads\/2023\/09\/riganti.jpg\" alt=\"\" class=\"wp-image-3614 size-full\" srcset=\"https:\/\/nottericerca.uniroma3.it\/wp-content\/uploads\/2023\/09\/riganti.jpg 309w, https:\/\/nottericerca.uniroma3.it\/wp-content\/uploads\/2023\/09\/riganti-300x300.jpg 300w, https:\/\/nottericerca.uniroma3.it\/wp-content\/uploads\/2023\/09\/riganti-150x150.jpg 150w\" sizes=\"auto, (max-width: 309px) 100vw, 309px\" \/><\/figure><div class=\"wp-block-media-text__content\">\n<p><em>Francesco Riganti Fulginei &#8211; Dipartimento di Ingegneria Industriale, Elettronica e Meccanica<\/em><\/p>\n<\/div><\/div>\n\n\n\n<figure class=\"wp-block-embed is-type-video is-provider-youtube wp-block-embed-youtube wp-embed-aspect-16-9 wp-has-aspect-ratio\"><div class=\"wp-block-embed__wrapper\">\n<iframe loading=\"lazy\" title=\"Parola ai Ricercatori e alle Ricercatrici di Roma Tre\" width=\"843\" height=\"474\" src=\"https:\/\/www.youtube.com\/embed\/jPlljT49Be4?feature=oembed\" frameborder=\"0\" allow=\"accelerometer; autoplay; clipboard-write; encrypted-media; gyroscope; picture-in-picture; web-share\" referrerpolicy=\"strict-origin-when-cross-origin\" allowfullscreen><\/iframe>\n<\/div><\/figure>\n\n\n\n<p>A seguire dalle 18:30 &#8220;<a href=\"https:\/\/nottericerca.uniroma3.it\/?p=3900\">Oppenheimer in 3D. Un dialogo tra fisica, storia e studi sul&nbsp;cinema<\/a>&#8220;<\/p>\n","protected":false},"excerpt":{"rendered":"<p>Edizione 2024 marted\u00ec 24 settembre 2024 &#8211; ore 17:00-17:45Aula Conferenze &#8211; Via Vito Volterra 60 Come conseguenza dell&#8217;urbanizzazione, le citt\u00e0 sperimentano fenomeni microclimatici locali caratterizzati&hellip;<\/p>\n","protected":false},"author":1,"featured_media":1023,"comment_status":"closed","ping_status":"closed","sticky":false,"template":"","format":"standard","meta":{"footnotes":""},"categories":[82,85,129,108,119,92,133],"tags":[],"class_list":["post-3134","post","type-post","status-publish","format-standard","has-post-thumbnail","hentry","category-approfondimenti","category-prenotazioni-sul-posto","category-attivita-in-settimana","category-diiem","category-martedi-24-settembre-2024","category-parola-ai-ricercatori","category-sconsigliata-ai-bambini"],"_links":{"self":[{"href":"https:\/\/nottericerca.uniroma3.it\/index.php?rest_route=\/wp\/v2\/posts\/3134","targetHints":{"allow":["GET"]}}],"collection":[{"href":"https:\/\/nottericerca.uniroma3.it\/index.php?rest_route=\/wp\/v2\/posts"}],"about":[{"href":"https:\/\/nottericerca.uniroma3.it\/index.php?rest_route=\/wp\/v2\/types\/post"}],"author":[{"embeddable":true,"href":"https:\/\/nottericerca.uniroma3.it\/index.php?rest_route=\/wp\/v2\/users\/1"}],"replies":[{"embeddable":true,"href":"https:\/\/nottericerca.uniroma3.it\/index.php?rest_route=%2Fwp%2Fv2%2Fcomments&post=3134"}],"version-history":[{"count":32,"href":"https:\/\/nottericerca.uniroma3.it\/index.php?rest_route=\/wp\/v2\/posts\/3134\/revisions"}],"predecessor-version":[{"id":5176,"href":"https:\/\/nottericerca.uniroma3.it\/index.php?rest_route=\/wp\/v2\/posts\/3134\/revisions\/5176"}],"wp:featuredmedia":[{"embeddable":true,"href":"https:\/\/nottericerca.uniroma3.it\/index.php?rest_route=\/wp\/v2\/media\/1023"}],"wp:attachment":[{"href":"https:\/\/nottericerca.uniroma3.it\/index.php?rest_route=%2Fwp%2Fv2%2Fmedia&parent=3134"}],"wp:term":[{"taxonomy":"category","embeddable":true,"href":"https:\/\/nottericerca.uniroma3.it\/index.php?rest_route=%2Fwp%2Fv2%2Fcategories&post=3134"},{"taxonomy":"post_tag","embeddable":true,"href":"https:\/\/nottericerca.uniroma3.it\/index.php?rest_route=%2Fwp%2Fv2%2Ftags&post=3134"}],"curies":[{"name":"wp","href":"https:\/\/api.w.org\/{rel}","templated":true}]}}