{"id":4032,"date":"2023-09-27T07:41:49","date_gmt":"2023-09-27T07:41:49","guid":{"rendered":"https:\/\/nottericerca.uniroma3.it\/?p=4032"},"modified":"2024-09-10T13:57:55","modified_gmt":"2024-09-10T13:57:55","slug":"alla-ricerca-della-nuova-fisica","status":"publish","type":"post","link":"https:\/\/nottericerca.uniroma3.it\/?p=4032","title":{"rendered":"Alla ricerca della Nuova Fisica"},"content":{"rendered":"\n<h3 class=\"wp-block-heading\">Edizione 2023<\/h3>\n\n\n\n<div class=\"wp-block-media-text is-stacked-on-mobile\" style=\"grid-template-columns:40% auto\"><figure class=\"wp-block-media-text__media\"><img loading=\"lazy\" decoding=\"async\" width=\"960\" height=\"960\" src=\"https:\/\/nottericerca.uniroma3.it\/wp-content\/uploads\/2022\/06\/vittorio.jpg\" alt=\"\" class=\"wp-image-3219 size-full\" srcset=\"https:\/\/nottericerca.uniroma3.it\/wp-content\/uploads\/2022\/06\/vittorio.jpg 960w, https:\/\/nottericerca.uniroma3.it\/wp-content\/uploads\/2022\/06\/vittorio-300x300.jpg 300w, https:\/\/nottericerca.uniroma3.it\/wp-content\/uploads\/2022\/06\/vittorio-150x150.jpg 150w, https:\/\/nottericerca.uniroma3.it\/wp-content\/uploads\/2022\/06\/vittorio-768x768.jpg 768w\" sizes=\"auto, (max-width: 960px) 100vw, 960px\" \/><\/figure><div class=\"wp-block-media-text__content\">\n<p><strong style=\"font-size: revert;\">venerd\u00ec 29 settembre 2023 ore 23:10 &#8211; 23:50<\/strong>   <\/p>\n\n\n\n<p>Approfondimenti &#8211;<a href=\"https:\/\/www.frascatiscienza.it\/fsapp\/evento\/443\"> <\/a><strong>PRENOTAZIONE<\/strong><br><em style=\"font-size: revert;\">Sala Conferenze &#8211; Via della Vasca Navale 107\/109<\/em><\/p>\n\n\n\n<p>Da cosa \u00e8 costituito tutto ci\u00f2 che ci circonda e come interagiscono tra loro i costituenti elementari del mondo? La risposta a questa domanda \u00e8 data da una teoria, il Modello Standard, fondata sulla meccanica quantistica e sulla teoria della relativit\u00e0, che \u00e8 confermata con grandissima precisione da tutte le osservazioni fatte sino ad oggi negli esperimenti di fisica delle particelle elementari. Eppure i fisici sono convinti, pressoch\u00e9 unanimemente, che debba esistere della &#8220;Nuova Fisica&#8221; delle interazioni fondamentali, ossia nuove forze e nuove particelle elementari oltre a quelle che conosciamo. Perch\u00e9? La risposta a questa domanda ci permetter\u00e0 di capire le ragioni che motivano oggi la ricerca di base nella Fisica delle interazioni fondamentali.<\/p>\n\n\n\n<p><em>Vittorio Lubicz &#8211; Dipartimento di Matematica e Fisica<\/em><\/p>\n<\/div><\/div>\n\n\n\n<hr class=\"wp-block-separator has-alpha-channel-opacity\"\/>\n\n\n\n<h3 class=\"wp-block-heading\">Edizione 2021<\/h3>\n\n\n\n<h2 class=\"wp-block-heading\">Alla ricerca della Nuova Fisica<\/h2>\n\n\n\n<p><strong>Online<\/strong><\/p>\n\n\n\n<p>venerd\u00ec 24 settembre 2021<\/p>\n\n\n\n<p>Le interazioni fondamentali sono descritte con indiscusso successo ed elevatissima precisione dalla teoria che chiamiamo Modello Standard. Eppure, i fisici oggi convinti, pressoch\u00e9 unanimemente, che debba esistere della &#8220;Nuova Fisica&#8221; delle interazioni fondamentali, ossia nuove forze e nuove particelle elementari oltre a quelle che conosciamo. Come mai? La risposta a questa domanda, solo apparentemente paradossale, ci permetter\u00e0 di capire le ragioni che motivano oggi la ricerca di base nella Fisica delle interazioni fondamentali.<\/p>\n\n\n\n<p><em>Vittorio Lubicz &#8211; Dipartimento di Matematica e Fisica<\/em><\/p>\n\n\n\n<figure class=\"wp-block-embed is-type-video is-provider-youtube wp-block-embed-youtube wp-embed-aspect-16-9 wp-has-aspect-ratio\"><div class=\"wp-block-embed__wrapper\">\n<iframe loading=\"lazy\" title=\"Alla ricerca della nuova fisica - Vittorio Lubicz - European Researchers&#039; Night 2021 a Roma Tre\" width=\"843\" height=\"474\" src=\"https:\/\/www.youtube.com\/embed\/KRfV3MelWKw?feature=oembed\" frameborder=\"0\" allow=\"accelerometer; autoplay; clipboard-write; encrypted-media; gyroscope; picture-in-picture; web-share\" referrerpolicy=\"strict-origin-when-cross-origin\" allowfullscreen><\/iframe>\n<\/div><\/figure>\n","protected":false},"excerpt":{"rendered":"<p>Edizione 2023 venerd\u00ec 29 settembre 2023 ore 23:10 &#8211; 23:50 Approfondimenti &#8211; PRENOTAZIONESala Conferenze &#8211; Via della Vasca Navale 107\/109 Da cosa \u00e8 costituito tutto&hellip;<\/p>\n","protected":false},"author":1,"featured_media":3219,"comment_status":"closed","ping_status":"closed","sticky":false,"template":"","format":"standard","meta":{"footnotes":""},"categories":[1],"tags":[],"class_list":["post-4032","post","type-post","status-publish","format-standard","has-post-thumbnail","hentry","category-uncategorized"],"_links":{"self":[{"href":"https:\/\/nottericerca.uniroma3.it\/index.php?rest_route=\/wp\/v2\/posts\/4032","targetHints":{"allow":["GET"]}}],"collection":[{"href":"https:\/\/nottericerca.uniroma3.it\/index.php?rest_route=\/wp\/v2\/posts"}],"about":[{"href":"https:\/\/nottericerca.uniroma3.it\/index.php?rest_route=\/wp\/v2\/types\/post"}],"author":[{"embeddable":true,"href":"https:\/\/nottericerca.uniroma3.it\/index.php?rest_route=\/wp\/v2\/users\/1"}],"replies":[{"embeddable":true,"href":"https:\/\/nottericerca.uniroma3.it\/index.php?rest_route=%2Fwp%2Fv2%2Fcomments&post=4032"}],"version-history":[{"count":7,"href":"https:\/\/nottericerca.uniroma3.it\/index.php?rest_route=\/wp\/v2\/posts\/4032\/revisions"}],"predecessor-version":[{"id":4922,"href":"https:\/\/nottericerca.uniroma3.it\/index.php?rest_route=\/wp\/v2\/posts\/4032\/revisions\/4922"}],"wp:featuredmedia":[{"embeddable":true,"href":"https:\/\/nottericerca.uniroma3.it\/index.php?rest_route=\/wp\/v2\/media\/3219"}],"wp:attachment":[{"href":"https:\/\/nottericerca.uniroma3.it\/index.php?rest_route=%2Fwp%2Fv2%2Fmedia&parent=4032"}],"wp:term":[{"taxonomy":"category","embeddable":true,"href":"https:\/\/nottericerca.uniroma3.it\/index.php?rest_route=%2Fwp%2Fv2%2Fcategories&post=4032"},{"taxonomy":"post_tag","embeddable":true,"href":"https:\/\/nottericerca.uniroma3.it\/index.php?rest_route=%2Fwp%2Fv2%2Ftags&post=4032"}],"curies":[{"name":"wp","href":"https:\/\/api.w.org\/{rel}","templated":true}]}}