{"id":4268,"date":"2024-06-18T09:11:16","date_gmt":"2024-06-18T09:11:16","guid":{"rendered":"https:\/\/nottericerca.uniroma3.it\/?p=4268"},"modified":"2024-09-26T08:13:23","modified_gmt":"2024-09-26T08:13:23","slug":"pillole-di-scienza-27-settembre-2024","status":"publish","type":"post","link":"https:\/\/nottericerca.uniroma3.it\/?p=4268","title":{"rendered":"Pillole di Scienza 27 settembre 2024"},"content":{"rendered":"\n<p>Ore 19:00 &#8211; Benvenuti alla Notte a Roma Tre &#8211; Saluti istituzionali<\/p>\n\n\n\n<p>19:45 &#8211; Lancio del quiz scientifico a premi<\/p>\n\n\n\n<p>20:00 &#8211;  Marcello PETITTA &#8220;Tipping points e cambiamenti climatici&#8221;<\/p>\n\n\n\n<p>20:15 &#8211; HARRIS &amp; PORFIDO<em> <\/em>&#8220;Ripristinare la biodiversit\u00e0: tra diritto UE e scienze ecologiche&#8221;<\/p>\n\n\n\n<p>20:30 &#8211; Federico FERRETTI &#8220;Pu\u00f2 un geco battere Spider-Man?&#8221;<\/p>\n\n\n\n<p>20:45 &#8211; Quiz scientifico a premi &#8211; 1 turno di gioco<\/p>\n\n\n\n<p>21:00 &#8211; Spettacolo interattivo <a href=\"https:\/\/nottericerca.uniroma3.it\/?p=3356\" target=\"_blank\" rel=\"noreferrer noopener\">Eucariopolis: la cellula animale come una citt\u00e0<\/a><\/p>\n\n\n\n<p>21:30 &#8211; Sara CAPUTO &#8220;Neuroglobina, colesterolo e neurodegenerazione&#8221;<\/p>\n\n\n\n<p>21:45 &#8211; Quiz scientifico a premi  &#8211; 2 turno di gioco<\/p>\n\n\n\n<p>22:00 &#8211; Elena PETTINELLI &#8220;Alla ricerca di acqua liquida nel Sistema Solare cavalcando le onde elettromagnetiche&#8221;<\/p>\n\n\n\n<p>22:15 &#8211; Martina PARENTE &#8220;Nuovi target per curare le malattie genetiche rare&#8221;<\/p>\n\n\n\n<p>22:30 &#8211; Elena OLIVIERI &#8220;Nanomateriali da scoprire&#8221;<\/p>\n\n\n\n<p>22:40 &#8211; Quiz scientifico a premi  &#8211; 3 turno di gioco<\/p>\n\n\n\n<p><\/p>\n\n\n\n<p>Presentano: <em>Melissa Ventura<\/em>, <em>Giovanni Verazzo<\/em>, <em>Laura Melis<\/em>, <em>Sabrina Picardi<\/em> e <em>Flavia Giglio di Roma Tre Radio<\/em><\/p>\n\n\n\n<p><\/p>\n\n\n\n<h2 class=\"wp-block-heading\" id=\"petitta\">Tipping points e cambiamenti climatici<\/h2>\n\n\n\n<p><strong>venerd\u00ec 27 settembre 2024  ore 20:00-20:15 <\/strong><br><em>Via della Vasca Navale 109<\/em><\/p>\n\n\n\n<p>Il clima \u00e8 un sistema dinamico in cui variazioni nella composizione atmosferica e dei suoi parametri fisici possono modificare in maniera permanente l\u2019equilibrio in cui il sistema si trova. In questo seminario cercheremo di capire quali sono i punti critici di non ritorno dell\u2019attuale sistema climatico e di come \u00e8 possibile studiarli.&nbsp;<\/p>\n\n\n\n<figure class=\"wp-block-image size-full\"><img loading=\"lazy\" decoding=\"async\" width=\"1024\" height=\"273\" src=\"https:\/\/nottericerca.uniroma3.it\/wp-content\/uploads\/2024\/06\/petitta.jpg\" alt=\"\" class=\"wp-image-4574\" srcset=\"https:\/\/nottericerca.uniroma3.it\/wp-content\/uploads\/2024\/06\/petitta.jpg 1024w, https:\/\/nottericerca.uniroma3.it\/wp-content\/uploads\/2024\/06\/petitta-300x80.jpg 300w, https:\/\/nottericerca.uniroma3.it\/wp-content\/uploads\/2024\/06\/petitta-768x205.jpg 768w\" sizes=\"auto, (max-width: 1024px) 100vw, 1024px\" \/><\/figure>\n\n\n\n<p><\/p>\n\n\n\n<p><em>Marcello Petitta &#8211; Dipartimento di Matematica e Fisica<\/em><\/p>\n\n\n\n<hr class=\"wp-block-separator has-alpha-channel-opacity\"\/>\n\n\n\n<div class=\"wp-block-media-text is-stacked-on-mobile\" style=\"grid-template-columns:40% auto\"><figure class=\"wp-block-media-text__media\"><img loading=\"lazy\" decoding=\"async\" width=\"952\" height=\"952\" src=\"https:\/\/nottericerca.uniroma3.it\/wp-content\/uploads\/2024\/06\/Morgan.Harris.jpg\" alt=\"\" class=\"wp-image-5057 size-full\" srcset=\"https:\/\/nottericerca.uniroma3.it\/wp-content\/uploads\/2024\/06\/Morgan.Harris.jpg 952w, https:\/\/nottericerca.uniroma3.it\/wp-content\/uploads\/2024\/06\/Morgan.Harris-300x300.jpg 300w, https:\/\/nottericerca.uniroma3.it\/wp-content\/uploads\/2024\/06\/Morgan.Harris-150x150.jpg 150w, https:\/\/nottericerca.uniroma3.it\/wp-content\/uploads\/2024\/06\/Morgan.Harris-768x768.jpg 768w\" sizes=\"auto, (max-width: 952px) 100vw, 952px\" \/><\/figure><div class=\"wp-block-media-text__content\">\n<h2 class=\"wp-block-heading\" id=\"harris\">Ripristinare la biodiversit\u00e0: tra diritto UE e scienze ecologiche<\/h2>\n\n\n\n<p><strong>venerd\u00ec 27 settembre 2024  ore 20:15-20:30<\/strong><br><em>Via della Vasca Navale 109<\/em><\/p>\n\n\n\n<p>La biodiversit\u00e0 nell\u2019Unione Europea \u00e8 in crisi: solamente il 15% delle specie e degli habitat protetti \u00e8 attualmente in un buono stato di conservazione. Il diritto dell\u2019Unione europea mira ad invertire questa tendenza alla degradazione, ma c\u2019\u00e8 ancora molto da fare. In questo contesto, il progetto di ricerca PRIN 2022 PNRR \u2013 RINASCI si propone di studiare la biodiversit\u00e0 come un problema giuridico per migliorare l\u2019effettivit\u00e0 della tutela delle specie protette e per ripristinare la natura non solo all\u2019interno dei siti protetti, ma nel mare, nei fiumi, nei campi coltivati, persino nelle nostre citt\u00e0. Vi aspettiamo per parlarne e per farvi conoscere alcuni luoghi &#8211; anche a Roma &#8211; ove il restoration della biodiversit\u00e0 \u00e8 gi\u00e0 in atto.<\/p>\n<\/div><\/div>\n\n\n\n<p><\/p>\n\n\n\n<p><em>Morgan Eleanor Harris, Stefano Porfido \u2013 Dipartimento di Giurisprudenza<\/em><\/p>\n\n\n\n<hr class=\"wp-block-separator has-alpha-channel-opacity\"\/>\n\n\n\n<div class=\"wp-block-media-text is-stacked-on-mobile\" style=\"grid-template-columns:40% auto\"><figure class=\"wp-block-media-text__media\"><img loading=\"lazy\" decoding=\"async\" width=\"756\" height=\"800\" src=\"https:\/\/nottericerca.uniroma3.it\/wp-content\/uploads\/2024\/06\/Immagine1.jpg\" alt=\"\" class=\"wp-image-4964 size-full\" srcset=\"https:\/\/nottericerca.uniroma3.it\/wp-content\/uploads\/2024\/06\/Immagine1.jpg 756w, https:\/\/nottericerca.uniroma3.it\/wp-content\/uploads\/2024\/06\/Immagine1-284x300.jpg 284w\" sizes=\"auto, (max-width: 756px) 100vw, 756px\" \/><\/figure><div class=\"wp-block-media-text__content\">\n<h2 class=\"wp-block-heading\" id=\"ferretti\">Pu\u00f2 un geco battere Spider-Man?<\/h2>\n\n\n\n<p><strong>venerd\u00ec 27 settembre 2024  ore 20:30-20:45<\/strong><br><em>Via della Vasca Navale 109<\/em><\/p>\n\n\n\n<p>Spider-man vs geco: chi \u00e8 il vero maestro dell&#8217;arrampicata? Unisciti a noi per una serata emozionante alla Notte Europea dei Ricercatori e delle Ricercatrici, dove confronteremo le abilit\u00e0 di arrampicata di Spider-Man con quelle di un piccolo geco. La scienza dietro questa sfida ti sorprender\u00e0 e ispirer\u00e0 innovazioni tecnologiche.<\/p>\n<\/div><\/div>\n\n\n\n<p><\/p>\n\n\n\n<p><em>Federico Ferretti &#8211; Dipartimento di Matematica e Fisica<\/em><\/p>\n\n\n\n<hr class=\"wp-block-separator has-alpha-channel-opacity\"\/>\n\n\n\n<div class=\"wp-block-media-text is-stacked-on-mobile\" style=\"grid-template-columns:40% auto\"><figure class=\"wp-block-media-text__media\"><img loading=\"lazy\" decoding=\"async\" width=\"1024\" height=\"934\" src=\"https:\/\/nottericerca.uniroma3.it\/wp-content\/uploads\/2024\/06\/SaraCaputo-1024x934.png\" alt=\"\" class=\"wp-image-4569 size-full\" srcset=\"https:\/\/nottericerca.uniroma3.it\/wp-content\/uploads\/2024\/06\/SaraCaputo-1024x934.png 1024w, https:\/\/nottericerca.uniroma3.it\/wp-content\/uploads\/2024\/06\/SaraCaputo-300x274.png 300w, https:\/\/nottericerca.uniroma3.it\/wp-content\/uploads\/2024\/06\/SaraCaputo-768x700.png 768w, https:\/\/nottericerca.uniroma3.it\/wp-content\/uploads\/2024\/06\/SaraCaputo.png 1156w\" sizes=\"auto, (max-width: 1024px) 100vw, 1024px\" \/><\/figure><div class=\"wp-block-media-text__content\">\n<h2 class=\"wp-block-heading\" id=\"caputo\">Neuroglobina, colesterolo e neurodegenerazione&nbsp;<\/h2>\n\n\n\n<p><strong>venerd\u00ec 27 settembre 2024 ore 21:30-21:45<\/strong><br><em>Via della Vasca Navale 109<\/em><\/p>\n\n\n\n<p>Le malattie neurodegenerative sono un complesso di malattie neurologiche che danneggiano progressivamente il sistema nervoso, portando alla perdita graduale delle funzioni cognitive. Il Colesterolo \u00e8 una molecola lipidica importante dal punto di vista funzionale e strutturale nel cervello, e un\u2019alterazione del suo metabolismo sembra essere correlata a queste patologie. Un\u2019importante proteina, nota per avere un ruolo neuro-protettivo, \u00e8 la Neuroglobina. Ci siamo posti una serie di domande: esiste una relazione tra Neuroglobina e metabolismo del colesterolo? Quanto questa relazione pu\u00f2 essere correlata alle malattie neurodegenerative? Inoltre, poich\u00e9 attualmente non sono disponibili terapie efficaci per le malattie neurodegenerative, lo studio di questa eventuale correlazione permetter\u00e0 di identificare nuovi target terapeutici per la cura di queste malattie?<\/p>\n<\/div><\/div>\n\n\n\n<p><\/p>\n\n\n\n<p><em>Sara Caputo &#8211; Dipartimento di Scienze<\/em><\/p>\n\n\n\n<hr class=\"wp-block-separator has-alpha-channel-opacity\"\/>\n\n\n\n<div class=\"wp-block-media-text is-stacked-on-mobile\" style=\"grid-template-columns:40% auto\"><figure class=\"wp-block-media-text__media\"><img loading=\"lazy\" decoding=\"async\" width=\"340\" height=\"228\" src=\"https:\/\/nottericerca.uniroma3.it\/wp-content\/uploads\/2024\/06\/elena.png\" alt=\"\" class=\"wp-image-4979 size-full\" srcset=\"https:\/\/nottericerca.uniroma3.it\/wp-content\/uploads\/2024\/06\/elena.png 340w, https:\/\/nottericerca.uniroma3.it\/wp-content\/uploads\/2024\/06\/elena-300x201.png 300w, https:\/\/nottericerca.uniroma3.it\/wp-content\/uploads\/2024\/06\/elena-272x182.png 272w\" sizes=\"auto, (max-width: 340px) 100vw, 340px\" \/><\/figure><div class=\"wp-block-media-text__content\">\n<h2 class=\"wp-block-heading\" id=\"pettinelli\">Alla ricerca di acqua liquida nel Sistema Solare cavalcando le onde elettromagnetiche<\/h2>\n\n\n\n<p><strong>venerd\u00ec 27 settembre 2024 ore 22:00-22:15<\/strong><br><em>Via della Vasca Navale 109<\/em><\/p>\n\n\n\n<p>La Terra \u00e8 un pianeta straordinario dove, grazie soprattutto alla presenza di acqua liquida, la vita ha potuto nascere e svilupparsi in una variet\u00e0 sorprendente di forme. Tuttavia, esistono molti altri posti nel nostro Sistema Solare dove l\u2019acqua \u00e8 presente ed anche pi\u00f9 abbondante che sulla Terra. In particolare, gli \u201cOcean worlds\u201d ovvero i satelliti che hanno un oceano planetario al loro interno, rappresentano la nuova frontiera della ricerca di ambienti abitabili e di forme di vita primordiale. In questa pillola faremo un viaggio straordinario fra pianeti e satelliti alla ricerca di luoghi adatti alla nascita e lo sviluppo della vita per come la conosciamo.<\/p>\n<\/div><\/div>\n\n\n\n<p><\/p>\n\n\n\n<p><em>Elena Pettinelli &#8211; Dipartimento di Matematica e Fisica<\/em><\/p>\n\n\n\n<hr class=\"wp-block-separator has-alpha-channel-opacity\"\/>\n\n\n\n<div class=\"wp-block-media-text is-stacked-on-mobile\" style=\"grid-template-columns:40% auto\"><figure class=\"wp-block-media-text__media\"><img loading=\"lazy\" decoding=\"async\" width=\"565\" height=\"567\" src=\"https:\/\/nottericerca.uniroma3.it\/wp-content\/uploads\/2024\/06\/Martina.Parente.jpg\" alt=\"\" class=\"wp-image-5244 size-full\" srcset=\"https:\/\/nottericerca.uniroma3.it\/wp-content\/uploads\/2024\/06\/Martina.Parente.jpg 565w, https:\/\/nottericerca.uniroma3.it\/wp-content\/uploads\/2024\/06\/Martina.Parente-300x300.jpg 300w, https:\/\/nottericerca.uniroma3.it\/wp-content\/uploads\/2024\/06\/Martina.Parente-150x150.jpg 150w\" sizes=\"auto, (max-width: 565px) 100vw, 565px\" \/><\/figure><div class=\"wp-block-media-text__content\">\n<h2 class=\"wp-block-heading\" id=\"parente\">Nuovi target per curare le malattie genetiche rare&nbsp;<\/h2>\n\n\n\n<p><strong>venerd\u00ec 27 settembre 2024 ore 22:15-22:30<\/strong><br><em>Via della Vasca Navale 109<\/em><\/p>\n\n\n\n<p>Il colesterolo \u00e8 una molecola di vitale importanza in quanto \u00e8 un elemento essenziale delle membrane cellulari, regola la funzione delle sinapsi ed \u00e8 il precursore di ormoni sessuali, acidi biliari e vitamine. Un suo squilibrio \u00e8 quindi in grado di minare la corretta funzionalit\u00e0 di cellule e tessuti. Infatti, molte patologie, tra cui il cancro, malattie cardiovascolari e neurodegenerative sono caratterizzate da una disregolazione della sua omeostasi. Nello specifico, la malattia di cui ci occupiamo \u00e8 una patologia genetica rara neurodegenerativa, ad oggi priva di cure, chiamata Niemann-Pick. I pazienti affetti da questa patologia presentano mutazioni di una proteina che causa un eccessivo accumulo di colesterolo che induce inevitabilmente ad una morte prematura. Il nostro obiettivo \u00e8 quello identificare nuovi target terapeutici volti a migliorare i terribili sintomi di questa malattia ed una possibile cura.<\/p>\n<\/div><\/div>\n\n\n\n<p><\/p>\n\n\n\n<p><em>Martina Parente &#8211; Dipartimento di Scienze<\/em><\/p>\n\n\n\n<hr class=\"wp-block-separator has-alpha-channel-opacity\"\/>\n\n\n\n<div class=\"wp-block-media-text is-stacked-on-mobile\" style=\"grid-template-columns:40% auto\"><figure class=\"wp-block-media-text__media\"><img loading=\"lazy\" decoding=\"async\" width=\"536\" height=\"481\" src=\"https:\/\/nottericerca.uniroma3.it\/wp-content\/uploads\/2024\/06\/thumbnail_Nottericerca24_pillola_Olivieri.png\" alt=\"\" class=\"wp-image-5217 size-full\" srcset=\"https:\/\/nottericerca.uniroma3.it\/wp-content\/uploads\/2024\/06\/thumbnail_Nottericerca24_pillola_Olivieri.png 536w, https:\/\/nottericerca.uniroma3.it\/wp-content\/uploads\/2024\/06\/thumbnail_Nottericerca24_pillola_Olivieri-300x269.png 300w\" sizes=\"auto, (max-width: 536px) 100vw, 536px\" \/><\/figure><div class=\"wp-block-media-text__content\">\n<h2 class=\"wp-block-heading\" id=\"olivieri\">Nanomateriali da scoprire&nbsp;<\/h2>\n\n\n\n<p><strong>venerd\u00ec 27 settembre 2024  ore 22:30-22:45<\/strong><br><em>Via della Vasca Navale 109<\/em><\/p>\n\n\n\n<p>La nanotecnologia sta diventando sempre pi\u00f9 utile nel campo biomedico, creando strumenti molto pi\u00f9 specifici e precisi per la diagnostica e per terapie mirate. Questi strumenti permettono di avere tecnologiche in grado di migliorare l\u2019efficienza terapeutica dei farmaci e le potenzialit\u00e0  diagnostiche delle tecniche d&#8217;imaging, in termini di specificit\u00e0 d&#8217;azione, sensibilit\u00e0 e limitazione degli effetti avversi.<br>Tali piattaforme nanotecnologiche sono state specificamente disegnate per promuovere il trasporto di agenti diagnostici o terapeutici attraverso le barriere biologiche, per raggiungere in modo selettivo i bersagli specifici, per mediare interazioni molecolari e rispondere a stimoli locali o esterni. In particolare le nano particelle d&#8217;oro svolgono un ruolo importante in questo panorama e assicurano di essere un promettente e potente strumento anche nel campo della teranostica.<\/p>\n<\/div><\/div>\n\n\n\n<p><\/p>\n\n\n\n<p><em>Elena Olivieri &#8211; Dipartimento di Scienze<\/em><\/p>\n","protected":false},"excerpt":{"rendered":"<p>Ore 19:00 &#8211; Benvenuti alla Notte a Roma Tre &#8211; Saluti istituzionali 19:45 &#8211; Lancio del quiz scientifico a premi 20:00 &#8211; Marcello PETITTA &#8220;Tipping&hellip;<\/p>\n","protected":false},"author":1,"featured_media":1023,"comment_status":"closed","ping_status":"closed","sticky":false,"template":"","format":"standard","meta":{"footnotes":""},"categories":[106,124,99,132,109,122,104,133],"tags":[],"class_list":["post-4268","post","type-post","status-publish","format-standard","has-post-thumbnail","hentry","category-biologia","category-economia","category-fisica","category-giurisprudenza","category-nanoscienze","category-notte-del-27-settembre-2024","category-pillole","category-sconsigliata-ai-bambini"],"_links":{"self":[{"href":"https:\/\/nottericerca.uniroma3.it\/index.php?rest_route=\/wp\/v2\/posts\/4268","targetHints":{"allow":["GET"]}}],"collection":[{"href":"https:\/\/nottericerca.uniroma3.it\/index.php?rest_route=\/wp\/v2\/posts"}],"about":[{"href":"https:\/\/nottericerca.uniroma3.it\/index.php?rest_route=\/wp\/v2\/types\/post"}],"author":[{"embeddable":true,"href":"https:\/\/nottericerca.uniroma3.it\/index.php?rest_route=\/wp\/v2\/users\/1"}],"replies":[{"embeddable":true,"href":"https:\/\/nottericerca.uniroma3.it\/index.php?rest_route=%2Fwp%2Fv2%2Fcomments&post=4268"}],"version-history":[{"count":26,"href":"https:\/\/nottericerca.uniroma3.it\/index.php?rest_route=\/wp\/v2\/posts\/4268\/revisions"}],"predecessor-version":[{"id":5330,"href":"https:\/\/nottericerca.uniroma3.it\/index.php?rest_route=\/wp\/v2\/posts\/4268\/revisions\/5330"}],"wp:featuredmedia":[{"embeddable":true,"href":"https:\/\/nottericerca.uniroma3.it\/index.php?rest_route=\/wp\/v2\/media\/1023"}],"wp:attachment":[{"href":"https:\/\/nottericerca.uniroma3.it\/index.php?rest_route=%2Fwp%2Fv2%2Fmedia&parent=4268"}],"wp:term":[{"taxonomy":"category","embeddable":true,"href":"https:\/\/nottericerca.uniroma3.it\/index.php?rest_route=%2Fwp%2Fv2%2Fcategories&post=4268"},{"taxonomy":"post_tag","embeddable":true,"href":"https:\/\/nottericerca.uniroma3.it\/index.php?rest_route=%2Fwp%2Fv2%2Ftags&post=4268"}],"curies":[{"name":"wp","href":"https:\/\/api.w.org\/{rel}","templated":true}]}}