{"id":4816,"date":"2024-09-10T07:37:04","date_gmt":"2024-09-10T07:37:04","guid":{"rendered":"https:\/\/nottericerca.uniroma3.it\/?p=4816"},"modified":"2024-09-10T07:39:28","modified_gmt":"2024-09-10T07:39:28","slug":"la-geologia-in-cucina","status":"publish","type":"post","link":"https:\/\/nottericerca.uniroma3.it\/?p=4816","title":{"rendered":"La geologia in cucina"},"content":{"rendered":"\n<h3 class=\"wp-block-heading\" id=\"ed24\">Edizione 2024<\/h3>\n\n\n\n<div class=\"wp-block-media-text is-stacked-on-mobile\" style=\"grid-template-columns:40% auto\"><figure class=\"wp-block-media-text__media\"><img loading=\"lazy\" decoding=\"async\" width=\"378\" height=\"378\" src=\"https:\/\/nottericerca.uniroma3.it\/wp-content\/uploads\/2024\/09\/geologia-in-cucina-Francesca-funiciello.jpg\" alt=\"\" class=\"wp-image-4818 size-full\" srcset=\"https:\/\/nottericerca.uniroma3.it\/wp-content\/uploads\/2024\/09\/geologia-in-cucina-Francesca-funiciello.jpg 378w, https:\/\/nottericerca.uniroma3.it\/wp-content\/uploads\/2024\/09\/geologia-in-cucina-Francesca-funiciello-300x300.jpg 300w, https:\/\/nottericerca.uniroma3.it\/wp-content\/uploads\/2024\/09\/geologia-in-cucina-Francesca-funiciello-150x150.jpg 150w\" sizes=\"auto, (max-width: 378px) 100vw, 378px\" \/><\/figure><div class=\"wp-block-media-text__content\">\n<p><strong>venerd\u00ec 27 settembre 2024 \u2013 ore 19:00-24:00<\/strong><br><em>Stand non stop \u2013 Via della Vasca Navale 109<\/em><\/p>\n\n\n\n<p>La geologia vi sembra difficile da &#8220;digerire&#8221;?<br>Nessun problema!<br>Con questa attivit\u00e0 avrete una visione pratica, interattiva (e, in alcuni casi, golosa!) di alcuni dei processi geologici fondamentali. Ci\u00f2 sar\u00e0 possibile grazie a semplici esperimenti realizzati con materie prime di uso comune in cucina. E cos\u00ec capiremo quali caratteristiche abbiano i margini di placca utilizzando dei biscotti, come si formano le differenti tipologie di rocce, grazie a torte sedimentarie, metamorfiche e vulcaniche, quale sia il motore della Tettonica delle Placche con il latte e la polvere di cacao&#8230;.e molto di pi\u00f9!<br>L&#8217;esperienza non solo arricchir\u00e0 la comprensione della geologia, ma potr\u00e0 anche fornire spunti divertenti ed educativi per giocare in cucina una volta tornati a casa, coinvolgendo sia adulti che bambini nella scoperta del nostro Pianeta.<\/p>\n<\/div><\/div>\n\n\n\n<p><\/p>\n\n\n\n<p><em>Francesca Cifelli, Francesca Funiciello, Irene Menichelli e Simona Guastamacchia &#8211; Dipartimento di Scienze<\/em><\/p>\n\n\n\n<p><\/p>\n\n\n\n<div class=\"wp-block-buttons is-content-justification-center is-layout-flex wp-container-core-buttons-is-layout-16018d1d wp-block-buttons-is-layout-flex\">\n<div class=\"wp-block-button\"><a class=\"wp-block-button__link has-background wp-element-button\" href=\"https:\/\/nottericerca.uniroma3.it\/?cat=122\" style=\"background-color:#ff0092\" target=\"_blank\" rel=\"noreferrer noopener\">Notte Europea &#8211; 27 settembre 2024<\/a><\/div>\n\n\n\n<div class=\"wp-block-button\"><a class=\"wp-block-button__link has-background wp-element-button\" href=\"https:\/\/nottericerca.uniroma3.it\/?cat=129\" style=\"background-color:#ff0092\" target=\"_blank\" rel=\"noreferrer noopener\">Settimana della Scienza &#8211; 21-28 settembre 2024<\/a><\/div>\n<\/div>\n\n\n\n<p><\/p>\n","protected":false},"excerpt":{"rendered":"<p>Edizione 2024 venerd\u00ec 27 settembre 2024 \u2013 ore 19:00-24:00Stand non stop \u2013 Via della Vasca Navale 109 La geologia vi sembra difficile da &#8220;digerire&#8221;?Nessun problema!Con&hellip;<\/p>\n","protected":false},"author":1,"featured_media":4818,"comment_status":"closed","ping_status":"closed","sticky":false,"template":"","format":"standard","meta":{"footnotes":""},"categories":[114,88,105,122,86],"tags":[],"class_list":["post-4816","post","type-post","status-publish","format-standard","has-post-thumbnail","hentry","category-attivita-per-tutti","category-senza-prenotazione","category-geologia","category-notte-del-27-settembre-2024","category-stand-non-stop"],"_links":{"self":[{"href":"https:\/\/nottericerca.uniroma3.it\/index.php?rest_route=\/wp\/v2\/posts\/4816","targetHints":{"allow":["GET"]}}],"collection":[{"href":"https:\/\/nottericerca.uniroma3.it\/index.php?rest_route=\/wp\/v2\/posts"}],"about":[{"href":"https:\/\/nottericerca.uniroma3.it\/index.php?rest_route=\/wp\/v2\/types\/post"}],"author":[{"embeddable":true,"href":"https:\/\/nottericerca.uniroma3.it\/index.php?rest_route=\/wp\/v2\/users\/1"}],"replies":[{"embeddable":true,"href":"https:\/\/nottericerca.uniroma3.it\/index.php?rest_route=%2Fwp%2Fv2%2Fcomments&post=4816"}],"version-history":[{"count":2,"href":"https:\/\/nottericerca.uniroma3.it\/index.php?rest_route=\/wp\/v2\/posts\/4816\/revisions"}],"predecessor-version":[{"id":4820,"href":"https:\/\/nottericerca.uniroma3.it\/index.php?rest_route=\/wp\/v2\/posts\/4816\/revisions\/4820"}],"wp:featuredmedia":[{"embeddable":true,"href":"https:\/\/nottericerca.uniroma3.it\/index.php?rest_route=\/wp\/v2\/media\/4818"}],"wp:attachment":[{"href":"https:\/\/nottericerca.uniroma3.it\/index.php?rest_route=%2Fwp%2Fv2%2Fmedia&parent=4816"}],"wp:term":[{"taxonomy":"category","embeddable":true,"href":"https:\/\/nottericerca.uniroma3.it\/index.php?rest_route=%2Fwp%2Fv2%2Fcategories&post=4816"},{"taxonomy":"post_tag","embeddable":true,"href":"https:\/\/nottericerca.uniroma3.it\/index.php?rest_route=%2Fwp%2Fv2%2Ftags&post=4816"}],"curies":[{"name":"wp","href":"https:\/\/api.w.org\/{rel}","templated":true}]}}