{"id":4955,"date":"2024-09-10T15:04:32","date_gmt":"2024-09-10T15:04:32","guid":{"rendered":"https:\/\/nottericerca.uniroma3.it\/?p=4955"},"modified":"2024-09-11T10:50:32","modified_gmt":"2024-09-11T10:50:32","slug":"alla-ricerca-della-forma-di-gusci-e-membrane","status":"publish","type":"post","link":"https:\/\/nottericerca.uniroma3.it\/?p=4955","title":{"rendered":"Alla ricerca della forma di Gusci e Membrane\u00a0"},"content":{"rendered":"\n<h3 class=\"wp-block-heading\">Edizione 2024<\/h3>\n\n\n\n<div class=\"wp-block-media-text is-stacked-on-mobile\" style=\"grid-template-columns:40% auto\"><figure class=\"wp-block-media-text__media\"><img loading=\"lazy\" decoding=\"async\" width=\"1024\" height=\"1024\" src=\"https:\/\/nottericerca.uniroma3.it\/wp-content\/uploads\/2024\/09\/Stefano.Gabriele-1024x1024.jpg\" alt=\"\" class=\"wp-image-4957 size-full\" srcset=\"https:\/\/nottericerca.uniroma3.it\/wp-content\/uploads\/2024\/09\/Stefano.Gabriele-1024x1024.jpg 1024w, https:\/\/nottericerca.uniroma3.it\/wp-content\/uploads\/2024\/09\/Stefano.Gabriele-300x300.jpg 300w, https:\/\/nottericerca.uniroma3.it\/wp-content\/uploads\/2024\/09\/Stefano.Gabriele-150x150.jpg 150w, https:\/\/nottericerca.uniroma3.it\/wp-content\/uploads\/2024\/09\/Stefano.Gabriele-768x768.jpg 768w, https:\/\/nottericerca.uniroma3.it\/wp-content\/uploads\/2024\/09\/Stefano.Gabriele-1536x1536.jpg 1536w, https:\/\/nottericerca.uniroma3.it\/wp-content\/uploads\/2024\/09\/Stefano.Gabriele-2048x2048.jpg 2048w\" sizes=\"auto, (max-width: 1024px) 100vw, 1024px\" \/><\/figure><div class=\"wp-block-media-text__content\">\n<p id=\"ed24\"><strong>venerd\u00ec 27 settembre 2024 \u2013 ore 19:00-24:00<\/strong><br><em>Stand non stop \u2013 Via della Vasca Navale 109<\/em><\/p>\n\n\n\n<p>Le superfici curve possono diventare architetture affascinanti.<br>Pensate, ad esempio, alle famose cupole storiche Italiane, oppure alle grandi coperture degli stadi o anche al meraviglioso guscio nervato del Palazzo dello Sport di Pier Luigi Nervi. Come fa una superficie a diventare architettura? Che qualit\u00e0 deve avere? Che relazione c\u2019\u00e8 tra la sua forma ed il fatto che funzioni bene (cio\u00e8 che riesca a sostenere il proprio peso pi\u00f9 altre azioni esterne)? Come si fa a progettarla nel modo corretto?Una superficie curva diventa architettura se riesce ad acquisire almeno una tra due possibili qualit\u00e0: essere un guscio rigido o una membrana tesa. Ci divertiremo insieme a progettare e realizzare modelli di gusci e membrane, sperimentando che tipi di forme si possono ottenere (quello che si chiama ricerca di forma).<br>Ciascuno otterr\u00e0 la sua forma e, vi garantiamo, che saranno tutte giuste!<\/p>\n<\/div><\/div>\n\n\n\n<p><\/p>\n\n\n\n<p><em>Stefano Gabriele, Valerio Varano, Arnaldo Casalotti, Arianna Venettoni, Lucia Mariani \u2013 Dipartimento di Architettura<\/em><\/p>\n\n\n\n<p><\/p>\n\n\n\n<div class=\"wp-block-buttons is-content-justification-center is-layout-flex wp-container-core-buttons-is-layout-16018d1d wp-block-buttons-is-layout-flex\">\n<div class=\"wp-block-button\"><a class=\"wp-block-button__link has-background wp-element-button\" href=\"https:\/\/nottericerca.uniroma3.it\/?cat=122\" style=\"background-color:#ff0092\" target=\"_blank\" rel=\"noreferrer noopener\">Notte Europea &#8211; 27 settembre 2024<\/a><\/div>\n\n\n\n<div class=\"wp-block-button\"><a class=\"wp-block-button__link has-background wp-element-button\" href=\"https:\/\/nottericerca.uniroma3.it\/?cat=129\" style=\"background-color:#ff0092\" target=\"_blank\" rel=\"noreferrer noopener\">Settimana della Scienza &#8211; 21-28 settembre 2024<\/a><\/div>\n<\/div>\n\n\n\n<p><\/p>\n","protected":false},"excerpt":{"rendered":"<p>Edizione 2024 venerd\u00ec 27 settembre 2024 \u2013 ore 19:00-24:00Stand non stop \u2013 Via della Vasca Navale 109 Le superfici curve possono diventare architetture affascinanti.Pensate, ad&hellip;<\/p>\n","protected":false},"author":1,"featured_media":4957,"comment_status":"closed","ping_status":"closed","sticky":false,"template":"","format":"standard","meta":{"footnotes":""},"categories":[100,114,88,122,86],"tags":[],"class_list":["post-4955","post","type-post","status-publish","format-standard","has-post-thumbnail","hentry","category-architettura","category-attivita-per-tutti","category-senza-prenotazione","category-notte-del-27-settembre-2024","category-stand-non-stop"],"_links":{"self":[{"href":"https:\/\/nottericerca.uniroma3.it\/index.php?rest_route=\/wp\/v2\/posts\/4955","targetHints":{"allow":["GET"]}}],"collection":[{"href":"https:\/\/nottericerca.uniroma3.it\/index.php?rest_route=\/wp\/v2\/posts"}],"about":[{"href":"https:\/\/nottericerca.uniroma3.it\/index.php?rest_route=\/wp\/v2\/types\/post"}],"author":[{"embeddable":true,"href":"https:\/\/nottericerca.uniroma3.it\/index.php?rest_route=\/wp\/v2\/users\/1"}],"replies":[{"embeddable":true,"href":"https:\/\/nottericerca.uniroma3.it\/index.php?rest_route=%2Fwp%2Fv2%2Fcomments&post=4955"}],"version-history":[{"count":3,"href":"https:\/\/nottericerca.uniroma3.it\/index.php?rest_route=\/wp\/v2\/posts\/4955\/revisions"}],"predecessor-version":[{"id":4960,"href":"https:\/\/nottericerca.uniroma3.it\/index.php?rest_route=\/wp\/v2\/posts\/4955\/revisions\/4960"}],"wp:featuredmedia":[{"embeddable":true,"href":"https:\/\/nottericerca.uniroma3.it\/index.php?rest_route=\/wp\/v2\/media\/4957"}],"wp:attachment":[{"href":"https:\/\/nottericerca.uniroma3.it\/index.php?rest_route=%2Fwp%2Fv2%2Fmedia&parent=4955"}],"wp:term":[{"taxonomy":"category","embeddable":true,"href":"https:\/\/nottericerca.uniroma3.it\/index.php?rest_route=%2Fwp%2Fv2%2Fcategories&post=4955"},{"taxonomy":"post_tag","embeddable":true,"href":"https:\/\/nottericerca.uniroma3.it\/index.php?rest_route=%2Fwp%2Fv2%2Ftags&post=4955"}],"curies":[{"name":"wp","href":"https:\/\/api.w.org\/{rel}","templated":true}]}}