{"id":565,"date":"2022-06-28T13:45:41","date_gmt":"2022-06-28T13:45:41","guid":{"rendered":"https:\/\/nottericerca.uniroma3.it\/?p=565"},"modified":"2024-07-10T09:29:46","modified_gmt":"2024-07-10T09:29:46","slug":"la-biologia-in-classe","status":"publish","type":"post","link":"https:\/\/nottericerca.uniroma3.it\/?p=565","title":{"rendered":"Il sistema immunitario"},"content":{"rendered":"\n<h3 class=\"wp-block-heading\" id=\"2023\">Edizione 2023<\/h3>\n\n\n\n<div class=\"wp-block-media-text alignwide is-stacked-on-mobile\" style=\"grid-template-columns:40% auto\"><figure class=\"wp-block-media-text__media\"><img loading=\"lazy\" decoding=\"async\" width=\"832\" height=\"551\" src=\"https:\/\/nottericerca.uniroma3.it\/wp-content\/uploads\/2023\/07\/Immagine-Sacchi-Alessandra-Sacchi.jpg\" alt=\"\" class=\"wp-image-3378 size-full\" srcset=\"https:\/\/nottericerca.uniroma3.it\/wp-content\/uploads\/2023\/07\/Immagine-Sacchi-Alessandra-Sacchi.jpg 832w, https:\/\/nottericerca.uniroma3.it\/wp-content\/uploads\/2023\/07\/Immagine-Sacchi-Alessandra-Sacchi-300x199.jpg 300w, https:\/\/nottericerca.uniroma3.it\/wp-content\/uploads\/2023\/07\/Immagine-Sacchi-Alessandra-Sacchi-768x509.jpg 768w\" sizes=\"auto, (max-width: 832px) 100vw, 832px\" \/><\/figure><div class=\"wp-block-media-text__content\">\n<h2 class=\"wp-block-heading\">Viaggio nel sistema immunitario<\/h2>\n\n\n\n<p><strong>venerd\u00ec 29 settembre 2023<\/strong> ore 20:00-21:00 e 21:00-22:00<\/p>\n\n\n\n<p>Laboratorio in aula &#8211; <strong>PRENOTAZIONE<\/strong> sul posto<\/p>\n\n\n\n<p><em>Via della Vasca Navale 107\/109<\/em><\/p>\n\n\n\n<p>Come \u00e8 fatto il sistema immunitario? Questa attivit\u00e0 coinvolger\u00e0 i cittadini in prima persona, facendoli diventare &#8220;immunologa\/o per un giorno&#8221;. Guidati dagli organizzatori, i partecipanti effettueranno degli esperimenti volti a visualizzare e riconoscere le cellule del sistema immunitario attraverso l&#8217;utilizzo del microscopio ottico. Inoltre il visitatore sar\u00e0 accompagnato in un percorso teorico-pratico che gli permetter\u00e0 di capire come il sistema immunitario combatte contro i microbi<\/p>\n\n\n\n<p><em>Alessandra Sacchi, Elisabetta Affabris, Flavia Giannessi, Andrea Sabatini e Veronica Lisi &#8211; Dipartimento di Scienze<\/em><\/p>\n<\/div><\/div>\n\n\n\n<hr class=\"wp-block-separator has-alpha-channel-opacity\"\/>\n\n\n\n<h3 class=\"wp-block-heading\" id=\"2022\">Edizione 2022<\/h3>\n\n\n\n<div class=\"wp-block-media-text alignwide is-stacked-on-mobile\" style=\"grid-template-columns:40% auto\"><figure class=\"wp-block-media-text__media\"><img loading=\"lazy\" decoding=\"async\" width=\"1024\" height=\"749\" src=\"https:\/\/nottericerca.uniroma3.it\/wp-content\/uploads\/2022\/06\/Il-sistema-immunitario-esercito-contro-i-microbi-1024x749.jpg\" alt=\"\" class=\"wp-image-568 size-full\" srcset=\"https:\/\/nottericerca.uniroma3.it\/wp-content\/uploads\/2022\/06\/Il-sistema-immunitario-esercito-contro-i-microbi-1024x749.jpg 1024w, https:\/\/nottericerca.uniroma3.it\/wp-content\/uploads\/2022\/06\/Il-sistema-immunitario-esercito-contro-i-microbi-300x219.jpg 300w, https:\/\/nottericerca.uniroma3.it\/wp-content\/uploads\/2022\/06\/Il-sistema-immunitario-esercito-contro-i-microbi-768x561.jpg 768w, https:\/\/nottericerca.uniroma3.it\/wp-content\/uploads\/2022\/06\/Il-sistema-immunitario-esercito-contro-i-microbi.jpg 1524w\" sizes=\"auto, (max-width: 1024px) 100vw, 1024px\" \/><\/figure><div class=\"wp-block-media-text__content\">\n<h2 class=\"wp-block-heading\">Il sistema immunitario: l&#8217;esercito contro i microbi<\/h2>\n\n\n\n<p><strong>venerd\u00ec 30 settembre 2022<\/strong> ore 20:00-21:00<\/p>\n\n\n\n<p><strong>Laboratorio in aula<\/strong><\/p>\n\n\n\n<p>Come \u00e8 fatto il sistema immunitario? Quali azioni mette in atto per contrastare le infezioni? Questa attivit\u00e0 coinvolger\u00e0 i cittadini in prima persona, facendoli diventare &#8220;immunologa\/o per un giorno&#8221;. Guidati dagli organizzatori, il visitatore sar\u00e0 accompagnato in un percorso teorico-pratico che gli permetter\u00e0 di capire come \u00e8 fato il sistema immunitario e come questo combatte contro i microbi.&nbsp; Inoltre i partecipanti effettueranno degli esperimenti volti a visualizzare e riconoscere le cellule del sistema immunitario attraverso l&#8217;utilizzo del<br>microscopio.&nbsp;&nbsp;<\/p>\n\n\n\n<p><em>Elisabetta Affabris, Alessandra Sacchi e Flavia Giannesi &#8211; Dipartimento di Scienze<\/em><\/p>\n<\/div><\/div>\n","protected":false},"excerpt":{"rendered":"<p>Edizione 2023 Viaggio nel sistema immunitario venerd\u00ec 29 settembre 2023 ore 20:00-21:00 e 21:00-22:00 Laboratorio in aula &#8211; PRENOTAZIONE sul posto Via della Vasca Navale&hellip;<\/p>\n","protected":false},"author":1,"featured_media":568,"comment_status":"closed","ping_status":"closed","sticky":false,"template":"","format":"standard","meta":{"footnotes":""},"categories":[1],"tags":[],"class_list":["post-565","post","type-post","status-publish","format-standard","has-post-thumbnail","hentry","category-uncategorized"],"_links":{"self":[{"href":"https:\/\/nottericerca.uniroma3.it\/index.php?rest_route=\/wp\/v2\/posts\/565","targetHints":{"allow":["GET"]}}],"collection":[{"href":"https:\/\/nottericerca.uniroma3.it\/index.php?rest_route=\/wp\/v2\/posts"}],"about":[{"href":"https:\/\/nottericerca.uniroma3.it\/index.php?rest_route=\/wp\/v2\/types\/post"}],"author":[{"embeddable":true,"href":"https:\/\/nottericerca.uniroma3.it\/index.php?rest_route=\/wp\/v2\/users\/1"}],"replies":[{"embeddable":true,"href":"https:\/\/nottericerca.uniroma3.it\/index.php?rest_route=%2Fwp%2Fv2%2Fcomments&post=565"}],"version-history":[{"count":13,"href":"https:\/\/nottericerca.uniroma3.it\/index.php?rest_route=\/wp\/v2\/posts\/565\/revisions"}],"predecessor-version":[{"id":4321,"href":"https:\/\/nottericerca.uniroma3.it\/index.php?rest_route=\/wp\/v2\/posts\/565\/revisions\/4321"}],"wp:featuredmedia":[{"embeddable":true,"href":"https:\/\/nottericerca.uniroma3.it\/index.php?rest_route=\/wp\/v2\/media\/568"}],"wp:attachment":[{"href":"https:\/\/nottericerca.uniroma3.it\/index.php?rest_route=%2Fwp%2Fv2%2Fmedia&parent=565"}],"wp:term":[{"taxonomy":"category","embeddable":true,"href":"https:\/\/nottericerca.uniroma3.it\/index.php?rest_route=%2Fwp%2Fv2%2Fcategories&post=565"},{"taxonomy":"post_tag","embeddable":true,"href":"https:\/\/nottericerca.uniroma3.it\/index.php?rest_route=%2Fwp%2Fv2%2Ftags&post=565"}],"curies":[{"name":"wp","href":"https:\/\/api.w.org\/{rel}","templated":true}]}}