{"id":626,"date":"2022-06-30T08:57:34","date_gmt":"2022-06-30T08:57:34","guid":{"rendered":"https:\/\/nottericerca.uniroma3.it\/?p=626"},"modified":"2024-07-10T09:29:12","modified_gmt":"2024-07-10T09:29:12","slug":"alle-porte-di-roma-larchitettura-nei-monumenti","status":"publish","type":"post","link":"https:\/\/nottericerca.uniroma3.it\/?p=626","title":{"rendered":"Alle porte di Roma"},"content":{"rendered":"\n<h3 class=\"wp-block-heading\" id=\"2023\">Edizione 2023<\/h3>\n\n\n\n<div class=\"wp-block-media-text alignwide is-stacked-on-mobile\" style=\"grid-template-columns:40% auto\"><figure class=\"wp-block-media-text__media\"><img loading=\"lazy\" decoding=\"async\" width=\"698\" height=\"696\" src=\"https:\/\/nottericerca.uniroma3.it\/wp-content\/uploads\/2023\/07\/Alle-porte-di-Roma_Caffi-1857-dett-Paola-Magrone.png\" alt=\"\" class=\"wp-image-3469 size-full\" srcset=\"https:\/\/nottericerca.uniroma3.it\/wp-content\/uploads\/2023\/07\/Alle-porte-di-Roma_Caffi-1857-dett-Paola-Magrone.png 698w, https:\/\/nottericerca.uniroma3.it\/wp-content\/uploads\/2023\/07\/Alle-porte-di-Roma_Caffi-1857-dett-Paola-Magrone-300x300.png 300w, https:\/\/nottericerca.uniroma3.it\/wp-content\/uploads\/2023\/07\/Alle-porte-di-Roma_Caffi-1857-dett-Paola-Magrone-150x150.png 150w\" sizes=\"auto, (max-width: 698px) 100vw, 698px\" \/><\/figure><div class=\"wp-block-media-text__content\">\n<h2 class=\"wp-block-heading\">Alle porte di Roma. Dal Laterano a Piazza Vittorio<\/h2>\n\n\n\n<p><strong>luned\u00ec 25 settembre 2023 &#8211; ore 16:30-18:30 <\/strong><\/p>\n\n\n\n<p>Science Trip &#8211; <strong>PRENOTAZIONE<\/strong><\/p>\n\n\n\n<p><em>APPUNTAMENTO alle 16:30 a Porta Asinaria &#8211; varco pedonale delle Mura Aureliane (lato piazzale Appio)<\/em><\/p>\n\n\n\n<p>Un percorso storico-architettonico di Roma attraverso i secoli, a partire dalla Porta Asinaria sulle Mura Aureliane sino alla struttura \u201ca tridente\u201d di Piazza Vittorio Emanuele II. Nel racconto di una storica dell\u2019architettura, si identificano i tracciati antichi, tardo-antichi e moderni e la conformazione topografica della falda meridionale dell\u2019Esquilino, ripercorrendo le principali fasi costruttive dei monumenti che costituiscono il Complesso Lateranense e del tessuto edilizio ai suoi margini.&nbsp;&nbsp;<\/p>\n\n\n\n<p><em>Maddalena Scimemi &#8211; Dipartimento di Architettura<\/em><br><\/p>\n<\/div><\/div>\n\n\n\n<hr class=\"wp-block-separator has-alpha-channel-opacity\"\/>\n\n\n\n<h3 class=\"wp-block-heading\" id=\"2022\">Edizione 2022<\/h3>\n\n\n\n<div class=\"wp-block-media-text alignwide is-stacked-on-mobile\" style=\"grid-template-columns:40% auto\"><figure class=\"wp-block-media-text__media\"><img loading=\"lazy\" decoding=\"async\" width=\"971\" height=\"1024\" src=\"https:\/\/nottericerca.uniroma3.it\/wp-content\/uploads\/2022\/06\/Alle-porte-di-Roma.-Larchitettura-nei-monumenti-971x1024.jpg\" alt=\"\" class=\"wp-image-628 size-full\" srcset=\"https:\/\/nottericerca.uniroma3.it\/wp-content\/uploads\/2022\/06\/Alle-porte-di-Roma.-Larchitettura-nei-monumenti-971x1024.jpg 971w, https:\/\/nottericerca.uniroma3.it\/wp-content\/uploads\/2022\/06\/Alle-porte-di-Roma.-Larchitettura-nei-monumenti-285x300.jpg 285w, https:\/\/nottericerca.uniroma3.it\/wp-content\/uploads\/2022\/06\/Alle-porte-di-Roma.-Larchitettura-nei-monumenti-768x810.jpg 768w, https:\/\/nottericerca.uniroma3.it\/wp-content\/uploads\/2022\/06\/Alle-porte-di-Roma.-Larchitettura-nei-monumenti-1457x1536.jpg 1457w, https:\/\/nottericerca.uniroma3.it\/wp-content\/uploads\/2022\/06\/Alle-porte-di-Roma.-Larchitettura-nei-monumenti-1942x2048.jpg 1942w\" sizes=\"auto, (max-width: 971px) 100vw, 971px\" \/><\/figure><div class=\"wp-block-media-text__content\">\n<h2 class=\"wp-block-heading\">Alle porte di Roma. L&#8217;architettura nei monumenti<\/h2>\n\n\n\n<p><strong>luned\u00ec 26 settembre 2022 &#8211; ore 17:00<\/strong><\/p>\n\n\n\n<p>Science Trip<\/p>\n\n\n\n<p>Un itinerario storico-artistico di Roma attraverso i secoli, costeggiando le Mura Aureliane da Porta Maggiore fino alla basilica di Santa Croce in Gerusalemme, per vivere l\u2019esperienza di un palinsesto architettonico di eccezionale ricchezza di forme e variet\u00e0 di scala.<br>Nel racconto di due storiche dell\u2019architettura, il percorso rivela la fisionomia dell\u2019antico rione Monti -oggi Esquilino- nel suo margine sudorientale, muovendosi a partire dall\u2019et\u00e0 imperiale, attraverso protagonisti ed eventi della Roma cristiana, lungo i secoli del \u201cdisabitato\u201d, dell\u2019et\u00e0 moderna e contemporanea, mettendo a fuoco antichit\u00e0 imponenti e discrete, ripercorrendo tracciati storici e identificando gli interventi pi\u00f9 significativi del periodo postunitario sino ai giorni nostri.<\/p>\n\n\n\n<p><em>Maddalena Scimemi e Francesca Mattei &#8211; Dipartimento di Architettura<\/em><\/p>\n<\/div><\/div>\n","protected":false},"excerpt":{"rendered":"<p>Edizione 2023 Alle porte di Roma. Dal Laterano a Piazza Vittorio luned\u00ec 25 settembre 2023 &#8211; ore 16:30-18:30 Science Trip &#8211; PRENOTAZIONE APPUNTAMENTO alle 16:30&hellip;<\/p>\n","protected":false},"author":1,"featured_media":628,"comment_status":"closed","ping_status":"closed","sticky":false,"template":"","format":"standard","meta":{"footnotes":""},"categories":[1],"tags":[],"class_list":["post-626","post","type-post","status-publish","format-standard","has-post-thumbnail","hentry","category-uncategorized"],"_links":{"self":[{"href":"https:\/\/nottericerca.uniroma3.it\/index.php?rest_route=\/wp\/v2\/posts\/626","targetHints":{"allow":["GET"]}}],"collection":[{"href":"https:\/\/nottericerca.uniroma3.it\/index.php?rest_route=\/wp\/v2\/posts"}],"about":[{"href":"https:\/\/nottericerca.uniroma3.it\/index.php?rest_route=\/wp\/v2\/types\/post"}],"author":[{"embeddable":true,"href":"https:\/\/nottericerca.uniroma3.it\/index.php?rest_route=\/wp\/v2\/users\/1"}],"replies":[{"embeddable":true,"href":"https:\/\/nottericerca.uniroma3.it\/index.php?rest_route=%2Fwp%2Fv2%2Fcomments&post=626"}],"version-history":[{"count":27,"href":"https:\/\/nottericerca.uniroma3.it\/index.php?rest_route=\/wp\/v2\/posts\/626\/revisions"}],"predecessor-version":[{"id":4179,"href":"https:\/\/nottericerca.uniroma3.it\/index.php?rest_route=\/wp\/v2\/posts\/626\/revisions\/4179"}],"wp:featuredmedia":[{"embeddable":true,"href":"https:\/\/nottericerca.uniroma3.it\/index.php?rest_route=\/wp\/v2\/media\/628"}],"wp:attachment":[{"href":"https:\/\/nottericerca.uniroma3.it\/index.php?rest_route=%2Fwp%2Fv2%2Fmedia&parent=626"}],"wp:term":[{"taxonomy":"category","embeddable":true,"href":"https:\/\/nottericerca.uniroma3.it\/index.php?rest_route=%2Fwp%2Fv2%2Fcategories&post=626"},{"taxonomy":"post_tag","embeddable":true,"href":"https:\/\/nottericerca.uniroma3.it\/index.php?rest_route=%2Fwp%2Fv2%2Ftags&post=626"}],"curies":[{"name":"wp","href":"https:\/\/api.w.org\/{rel}","templated":true}]}}