{"id":982,"date":"2022-07-19T09:29:36","date_gmt":"2022-07-19T09:29:36","guid":{"rendered":"https:\/\/nottericerca.uniroma3.it\/?p=982"},"modified":"2024-07-10T09:27:14","modified_gmt":"2024-07-10T09:27:14","slug":"osservazioni-astronomiche-al-telescopio","status":"publish","type":"post","link":"https:\/\/nottericerca.uniroma3.it\/?p=982","title":{"rendered":"Osservazioni astronomiche al telescopio"},"content":{"rendered":"\n<h3 class=\"wp-block-heading\" id=\"2023\">Edizione 2023<\/h3>\n\n\n\n<div class=\"wp-block-media-text alignwide is-stacked-on-mobile\" style=\"grid-template-columns:40% auto\"><figure class=\"wp-block-media-text__media\"><img loading=\"lazy\" decoding=\"async\" width=\"960\" height=\"959\" src=\"https:\/\/nottericerca.uniroma3.it\/wp-content\/uploads\/2022\/07\/Osservazioni-astronomiche-al-telescopio.jpg\" alt=\"\" class=\"wp-image-984 size-full\" srcset=\"https:\/\/nottericerca.uniroma3.it\/wp-content\/uploads\/2022\/07\/Osservazioni-astronomiche-al-telescopio.jpg 960w, https:\/\/nottericerca.uniroma3.it\/wp-content\/uploads\/2022\/07\/Osservazioni-astronomiche-al-telescopio-300x300.jpg 300w, https:\/\/nottericerca.uniroma3.it\/wp-content\/uploads\/2022\/07\/Osservazioni-astronomiche-al-telescopio-150x150.jpg 150w, https:\/\/nottericerca.uniroma3.it\/wp-content\/uploads\/2022\/07\/Osservazioni-astronomiche-al-telescopio-768x767.jpg 768w\" sizes=\"auto, (max-width: 960px) 100vw, 960px\" \/><\/figure><div class=\"wp-block-media-text__content\">\n<h2 class=\"wp-block-heading\">Telescopi e osservazione del cielo&nbsp;<\/h2>\n\n\n\n<p><strong>venerd\u00ec 29 settembre 2023<\/strong> <strong>ore 20:00-24:00<\/strong><\/p>\n\n\n\n<p>Stand non Stop &#8211; PRENOTAZIONI SUL POSTO<\/p>\n\n\n\n<p><em>Via della Vasca Navale 109<\/em><\/p>\n\n\n\n<p>Osservazioni guidate al telescopio.<\/p>\n\n\n\n<p>Enrico Bernieri, Massimiliano Di Blasi e Lorenzo Battistini &#8211; Dipartimento di Matematica e Fisica e INFN Sezione Roma Tre<\/p>\n<\/div><\/div>\n\n\n\n<hr class=\"wp-block-separator has-alpha-channel-opacity\"\/>\n\n\n\n<h3 class=\"wp-block-heading\" id=\"17-22\">Edizioni dal 2017 al 2022<\/h3>\n\n\n\n<div class=\"wp-block-media-text alignwide is-stacked-on-mobile\" style=\"grid-template-columns:40% auto\"><figure class=\"wp-block-media-text__media\"><img loading=\"lazy\" decoding=\"async\" width=\"960\" height=\"959\" src=\"https:\/\/nottericerca.uniroma3.it\/wp-content\/uploads\/2022\/07\/Osservazioni-astronomiche-al-telescopio.jpg\" alt=\"\" class=\"wp-image-984 size-full\" srcset=\"https:\/\/nottericerca.uniroma3.it\/wp-content\/uploads\/2022\/07\/Osservazioni-astronomiche-al-telescopio.jpg 960w, https:\/\/nottericerca.uniroma3.it\/wp-content\/uploads\/2022\/07\/Osservazioni-astronomiche-al-telescopio-300x300.jpg 300w, https:\/\/nottericerca.uniroma3.it\/wp-content\/uploads\/2022\/07\/Osservazioni-astronomiche-al-telescopio-150x150.jpg 150w, https:\/\/nottericerca.uniroma3.it\/wp-content\/uploads\/2022\/07\/Osservazioni-astronomiche-al-telescopio-768x767.jpg 768w\" sizes=\"auto, (max-width: 960px) 100vw, 960px\" \/><\/figure><div class=\"wp-block-media-text__content\">\n<h2 class=\"wp-block-heading\">Osservazioni Astronomiche al Telescopio&nbsp;<\/h2>\n\n\n\n<p>Lasciatevi guidare alla scoperta dei principali oggetti astronomici visibili nel corso della serata dai nostri ricercatori ed esperti: scopri con noi la bellezza e il fascino del cielo stellato direttamente sul tuo cellulare!<\/p>\n\n\n\n<p>L&#8217;osservazione si svolger\u00e0 attraverso il proprio cellulare, tramite una opportuna App (che sar\u00e0 possibile scaricare sul posto). La prenotazione per il turno di osservazione si effettuer\u00e0 sul posto.<\/p>\n\n\n\n<p>L&#8217;attivit\u00e0 \u00e8 stata sospesa nel 2020 e 2021 a causa della pandemia<\/p>\n\n\n\n<p>Referente attivit\u00e0: <em>Enrico Bernieri &#8211; INFN Sezione di Roma Tre<\/em><\/p>\n<\/div><\/div>\n\n\n\n<p><\/p>\n\n\n\n<p><em><strong>venerd\u00ec 30 settembre 2022 &#8211; ore 19:00-24:00<\/strong><\/em><\/p>\n\n\n\n<p><em> e 2019 ha collaborato: Stefano Capretti &#8211; Associazione Speak Science<\/em><\/p>\n\n\n\n<p><em>Per L&#8217;edizione 2017 hanno collaborato: Federico Di Paolo &#8211; Dipartimento di Matematica e Fisica<br>Stefano Capretti e Walter Preconti &#8211; astrofili<\/em><\/p>\n","protected":false},"excerpt":{"rendered":"<p>Edizione 2023 Telescopi e osservazione del cielo&nbsp; venerd\u00ec 29 settembre 2023 ore 20:00-24:00 Stand non Stop &#8211; PRENOTAZIONI SUL POSTO Via della Vasca Navale 109&hellip;<\/p>\n","protected":false},"author":1,"featured_media":984,"comment_status":"closed","ping_status":"closed","sticky":false,"template":"","format":"standard","meta":{"footnotes":""},"categories":[1],"tags":[],"class_list":["post-982","post","type-post","status-publish","format-standard","has-post-thumbnail","hentry","category-uncategorized"],"_links":{"self":[{"href":"https:\/\/nottericerca.uniroma3.it\/index.php?rest_route=\/wp\/v2\/posts\/982","targetHints":{"allow":["GET"]}}],"collection":[{"href":"https:\/\/nottericerca.uniroma3.it\/index.php?rest_route=\/wp\/v2\/posts"}],"about":[{"href":"https:\/\/nottericerca.uniroma3.it\/index.php?rest_route=\/wp\/v2\/types\/post"}],"author":[{"embeddable":true,"href":"https:\/\/nottericerca.uniroma3.it\/index.php?rest_route=\/wp\/v2\/users\/1"}],"replies":[{"embeddable":true,"href":"https:\/\/nottericerca.uniroma3.it\/index.php?rest_route=%2Fwp%2Fv2%2Fcomments&post=982"}],"version-history":[{"count":18,"href":"https:\/\/nottericerca.uniroma3.it\/index.php?rest_route=\/wp\/v2\/posts\/982\/revisions"}],"predecessor-version":[{"id":4171,"href":"https:\/\/nottericerca.uniroma3.it\/index.php?rest_route=\/wp\/v2\/posts\/982\/revisions\/4171"}],"wp:featuredmedia":[{"embeddable":true,"href":"https:\/\/nottericerca.uniroma3.it\/index.php?rest_route=\/wp\/v2\/media\/984"}],"wp:attachment":[{"href":"https:\/\/nottericerca.uniroma3.it\/index.php?rest_route=%2Fwp%2Fv2%2Fmedia&parent=982"}],"wp:term":[{"taxonomy":"category","embeddable":true,"href":"https:\/\/nottericerca.uniroma3.it\/index.php?rest_route=%2Fwp%2Fv2%2Fcategories&post=982"},{"taxonomy":"post_tag","embeddable":true,"href":"https:\/\/nottericerca.uniroma3.it\/index.php?rest_route=%2Fwp%2Fv2%2Ftags&post=982"}],"curies":[{"name":"wp","href":"https:\/\/api.w.org\/{rel}","templated":true}]}}